{"id":3825,"date":"2022-05-02T12:40:24","date_gmt":"2022-05-02T17:40:24","guid":{"rendered":"https:\/\/noticiasveracruz.com\/?p=3825"},"modified":"2022-05-02T12:40:24","modified_gmt":"2022-05-02T17:40:24","slug":"todo-mexico-tendra-internet-lopez-obrador","status":"publish","type":"post","link":"https:\/\/noticiasveracruz.com\/index.php\/2022\/05\/02\/todo-mexico-tendra-internet-lopez-obrador\/","title":{"rendered":"Todo M\u00e9xico tendr\u00e1 internet: L\u00f3pez Obrador"},"content":{"rendered":"<p class=\"p1\"><span style=\"font-size: 14pt;\"><em><strong>Ciudad de M\u00e9xico.<\/strong> <\/em>Al reconocer que no hay tecnolog\u00eda para llegar el <strong>Internet a todas las comunidades m\u00e1s apartadas en el pa\u00eds<\/strong>, el <strong>presidente\u00a0Andr\u00e9s Manuel L\u00f3pez Obrador\u00a0prometi\u00f3 que antes de que culmine su gobierno\u00a0dejar\u00e1 a todo M\u00e9xico con Internet.<\/strong><\/span><\/p>\n<p class=\"p1\"><span style=\"font-size: 14pt;\">Consultado sobre el tema, dijo que trabajan con una empresa\u00a0Alt\u00e1n (Redes)\u00a0y otras que coadyuvan, as\u00ed como con la\u00a0Comisi\u00f3n Federal de Electricidad (CFE), para hacerlo posible.<\/span><\/p>\n<blockquote>\n<p class=\"p1\"><span style=\"font-size: 14pt;\">Est\u00e1 costando trabajo porque hay 300 mil localidades dispersas, peque\u00f1as comunidades y lo que queremos en llegar a todos, al pueblo de M\u00e9xico\u00bb, dijo.<\/span><\/p>\n<\/blockquote>\n<p class=\"p1\"><strong><span style=\"font-size: 14pt;\">Explic\u00f3 que \u00abaunque parezca incre\u00edble no hay sat\u00e9lites para lograr est\u00e1 comunicaci\u00f3n por Internet. A\u00fan no hay desarrollo para alumbrar toda la comunidad de internet\u00bb.<\/span><\/strong><\/p>\n<p class=\"p1\"><span style=\"font-size: 14pt;\">A\u00f1adi\u00f3 que hay empresas que est\u00e9n haciendo investigaci\u00f3n y se busca el uso de peque\u00f1os sat\u00e9lites para est\u00e1s zonas\u00bb, pero eso tambi\u00e9n ocurre en\u00a0Estados Unidos, \u00aby por lo mismo, trabajamos de manera coordinada, se usa fibra \u00f3ptica pero siempre hay dificultad de lo que llaman la\u00a0\u00faltima milla\u00a0hacia las localidades\u00bb.<\/span><\/p>\n<p class=\"p1\"><span style=\"font-size: 14pt;\">En su conferencia ma\u00f1anera\u00a0 a\u00f1adi\u00f3 que ya se colocan antenas, y ya hay un n\u00famero importante de localidades conectadas.<\/span><\/p>\n<blockquote>\n<p class=\"p1\"><span style=\"font-size: 14pt;\">Pero no podemos decir que ya se tiene conectadas todas las localidades\u00bb, reconoci\u00f3.<\/span><\/p>\n<\/blockquote>\n<p class=\"p1\"><span style=\"font-size: 14pt;\">No obstante, record\u00f3 su compromiso de que el todo M\u00e9xico cuente con Internet.<\/span><\/p>\n<blockquote>\n<p class=\"p1\"><span style=\"font-size: 14pt;\">Yo que recorro el pa\u00eds, puedo decir que es dif\u00edcil conectarse al Internet y es fundamental conectarse, y lo vamos a lograr. Nos falta tiempo, 2 a\u00f1os, 4 meses y lo vamos a lograr\u00bb.<\/span><\/p>\n<\/blockquote>\n<figure id=\"attachment_3826\" aria-describedby=\"caption-attachment-3826\" style=\"width: 300px\" class=\"wp-caption aligncenter\"><img loading=\"lazy\" decoding=\"async\" class=\"wp-image-3826\" src=\"http:\/\/noticiasveracruz.com\/wp-content\/uploads\/2022\/05\/02-05-2022-Conferencia-de-prensa-matutina-Palacio-Nacional-Foto-06-216x300.jpeg\" alt=\"\" width=\"300\" height=\"417\" srcset=\"https:\/\/noticiasveracruz.com\/wp-content\/uploads\/2022\/05\/02-05-2022-Conferencia-de-prensa-matutina-Palacio-Nacional-Foto-06-216x300.jpeg 216w, https:\/\/noticiasveracruz.com\/wp-content\/uploads\/2022\/05\/02-05-2022-Conferencia-de-prensa-matutina-Palacio-Nacional-Foto-06-737x1024.jpeg 737w, https:\/\/noticiasveracruz.com\/wp-content\/uploads\/2022\/05\/02-05-2022-Conferencia-de-prensa-matutina-Palacio-Nacional-Foto-06-768x1067.jpeg 768w, https:\/\/noticiasveracruz.com\/wp-content\/uploads\/2022\/05\/02-05-2022-Conferencia-de-prensa-matutina-Palacio-Nacional-Foto-06-600x833.jpeg 600w, https:\/\/noticiasveracruz.com\/wp-content\/uploads\/2022\/05\/02-05-2022-Conferencia-de-prensa-matutina-Palacio-Nacional-Foto-06.jpeg 1000w\" sizes=\"auto, (max-width: 300px) 100vw, 300px\" \/><figcaption id=\"caption-attachment-3826\" class=\"wp-caption-text\">El presidente durante la Conferencia Matutina.<\/figcaption><\/figure>\n<p>&nbsp;<\/p>\n<blockquote><p>&nbsp;<\/p><\/blockquote>\n<p class=\"p1\"><strong><span style=\"font-size: 18pt;\">Informaci\u00f3n: Contrar\u00e9plica <\/span><\/strong><\/p>\n<p>&nbsp;<\/p>\n<p>&nbsp;<\/p>\n<p>&nbsp;<\/p>\n<p>&nbsp;<\/p>\n","protected":false},"excerpt":{"rendered":"<p>Ciudad de M\u00e9xico. Al reconocer que no hay tecnolog\u00eda para llegar el Internet a todas las comunidades m\u00e1s apartadas en<\/p>\n","protected":false},"author":4,"featured_media":3827,"comment_status":"closed","ping_status":"closed","sticky":false,"template":"","format":"standard","meta":{"colormag_page_container_layout":"default_layout","colormag_page_sidebar_layout":"default_layout","_jetpack_memberships_contains_paid_content":false,"footnotes":"","jetpack_publicize_message":"","jetpack_publicize_feature_enabled":true,"jetpack_social_post_already_shared":false,"jetpack_social_options":{"image_generator_settings":{"template":"highway","default_image_id":0,"font":"","enabled":false},"version":2}},"categories":[4],"tags":[65,550,31],"class_list":["post-3825","post","type-post","status-publish","format-standard","has-post-thumbnail","hentry","category-nacional","tag-andres-manuel-lopez-obrador","tag-internet","tag-mexico"],"jetpack_publicize_connections":[],"jetpack_featured_media_url":"https:\/\/noticiasveracruz.com\/wp-content\/uploads\/2022\/05\/P-ME\u0301XICO.png","jetpack_sharing_enabled":true,"publishpress_future_action":{"enabled":false,"date":"2026-05-06 03:10:42","action":"change-status","newStatus":"draft","terms":[],"taxonomy":"category","extraData":[]},"publishpress_future_workflow_manual_trigger":{"enabledWorkflows":[]},"_links":{"self":[{"href":"https:\/\/noticiasveracruz.com\/index.php\/wp-json\/wp\/v2\/posts\/3825","targetHints":{"allow":["GET"]}}],"collection":[{"href":"https:\/\/noticiasveracruz.com\/index.php\/wp-json\/wp\/v2\/posts"}],"about":[{"href":"https:\/\/noticiasveracruz.com\/index.php\/wp-json\/wp\/v2\/types\/post"}],"author":[{"embeddable":true,"href":"https:\/\/noticiasveracruz.com\/index.php\/wp-json\/wp\/v2\/users\/4"}],"replies":[{"embeddable":true,"href":"https:\/\/noticiasveracruz.com\/index.php\/wp-json\/wp\/v2\/comments?post=3825"}],"version-history":[{"count":0,"href":"https:\/\/noticiasveracruz.com\/index.php\/wp-json\/wp\/v2\/posts\/3825\/revisions"}],"wp:featuredmedia":[{"embeddable":true,"href":"https:\/\/noticiasveracruz.com\/index.php\/wp-json\/wp\/v2\/media\/3827"}],"wp:attachment":[{"href":"https:\/\/noticiasveracruz.com\/index.php\/wp-json\/wp\/v2\/media?parent=3825"}],"wp:term":[{"taxonomy":"category","embeddable":true,"href":"https:\/\/noticiasveracruz.com\/index.php\/wp-json\/wp\/v2\/categories?post=3825"},{"taxonomy":"post_tag","embeddable":true,"href":"https:\/\/noticiasveracruz.com\/index.php\/wp-json\/wp\/v2\/tags?post=3825"}],"curies":[{"name":"wp","href":"https:\/\/api.w.org\/{rel}","templated":true}]}}