{"id":3821,"date":"2022-05-02T11:51:57","date_gmt":"2022-05-02T16:51:57","guid":{"rendered":"https:\/\/noticiasveracruz.com\/?p=3821"},"modified":"2022-05-02T11:58:01","modified_gmt":"2022-05-02T16:58:01","slug":"desaparecer-el-ople-veracruz","status":"publish","type":"post","link":"https:\/\/noticiasveracruz.com\/index.php\/2022\/05\/02\/desaparecer-el-ople-veracruz\/","title":{"rendered":"Desaparecer el OPLE Veracruz\u00a0"},"content":{"rendered":"<p>&nbsp;<\/p>\n<p class=\"p1\"><strong><span style=\"font-size: 18pt;\">&lt;&lt;La Reforma Electoral contempla la desaparici\u00f3n de los \u00d3rganos Locales&gt;&gt;<\/span><\/strong><\/p>\n<p class=\"p1\"><strong><span style=\"font-size: 18pt;\">&lt;&lt;Se evitar\u00eda el gasto de 24 mil millones sin las OPLE&gt;&gt;<\/span><\/strong><\/p>\n<p class=\"p1\"><strong><span style=\"font-size: 18pt;\">&lt;&lt;Y con recorte presupuestal a partidos pol\u00edticos de todos los colores&gt;&gt;<\/span><\/strong><\/p>\n<p>&nbsp;<\/p>\n<p>&nbsp;<\/p>\n<p class=\"p1\"><strong><span style=\"font-size: 18pt;\">Por Miguel \u00c1ngel Cristiani Gonz\u00e1lez<\/span><\/strong><\/p>\n<p class=\"p1\"><span style=\"font-size: 14pt;\"><strong>L\u00e1stima que la llamada Reforma Electoral propuesta por el presidente Andr\u00e9s Manuel L\u00f3pez Obrador, vaya a seguir el mismo camino que la anterior Reforma Energ\u00e9tica<\/strong>, que despu\u00e9s de mucho hablarse de ella, al final de cuentas no fue aprobada en la C\u00e1mara de Diputados.<\/span><\/p>\n<p class=\"p1\"><span style=\"font-size: 14pt;\">Como ahora la C\u00e1mara de Diputados est\u00e1 en receso hasta el 1 de septiembre, habr\u00e1 bastante tiempo para hablar en pro y en contra de la Reforma Electoral, pero desde ahora Pancho L\u00f3pez el fil\u00f3sofo xalape\u00f1o ateniense predice que no habr\u00e1 de ser aprobada.<\/span><\/p>\n<p class=\"p1\"><span style=\"font-size: 14pt;\">Simplemente quedar\u00e1 como un buen cat\u00e1logo de buenas intenciones pol\u00edticas, porque seg\u00fan se dice la <strong>Reforma evitar\u00eda el gasto de 24 mil millones sin las OPLES y con recorte a partidos pol\u00edticos.<\/strong><\/span><\/p>\n<p>&nbsp;<\/p>\n<p><img loading=\"lazy\" decoding=\"async\" class=\"aligncenter wp-image-4662 size-large\" src=\"https:\/\/politicosaldesnudo.com.mx\/wp-content\/uploads\/2022\/05\/P-OPLE-1024x573.png\" alt=\"\" width=\"800\" height=\"448\" \/><\/p>\n<p>&nbsp;<\/p>\n<p class=\"p1\"><span style=\"font-size: 14pt;\">Por simple l\u00f3gica, quienes tienen que aprobar esos cambios a la Constituci\u00f3n y las leyes electorales, <strong>son precisamente los diputados de los partidos pol\u00edticos a los que se pretende quitar presupuestos millonarios y canonj\u00edas que hasta el d\u00eda de hoy disfrutan sin tener que rendir cuentas a nadie de a donde van a parar los recursos que reciben.<\/strong><\/span><\/p>\n<p class=\"p1\"><strong><span style=\"font-size: 14pt;\">Vaya, ser\u00eda como meterse un tiro en el pie y eso no ocurrir\u00e1.<\/span><\/strong><\/p>\n<p class=\"p1\"><span style=\"font-size: 14pt;\">Porque tampoco van a aceptar que la iniciativa de <strong>Reforma Electoral pase en los t\u00e9rminos en que la mando el presidente L\u00f3pez Obrador<\/strong>, sin hacerle cambios ni disminuir los beneficios de que ahora disfrutan.<\/span><\/p>\n<p class=\"p1\"><span style=\"font-size: 14pt;\">Entre los puntos que contempla la iniciativa de reforma es el de hacer la unificaci\u00f3n de las autoridades electorales administrativa y jurisdiccional y extinci\u00f3n de <strong>los organismos p\u00fablicos locales y los tribunales electorales de las entidades federativas (art\u00edculos 41, 73, 99, 105, 110, 111, 116 y 122, CPEUM)<\/strong><\/span><\/p>\n<blockquote>\n<p class=\"p1\"><span style=\"font-size: 14pt;\">\u00a0Pero adem\u00e1s, un grave problema del sistema pol\u00edtico mexicano es el costo de operaci\u00f3n que han cobrado sus procesos electorales, supuestamente justificado por su complejidad. En 1999 se asign\u00f3 un presupuesto de 13,400 millones de pesos, mientras que en 2018 se tuvo un presupuesto de 68,300 millones de pesos, lo que representa un crecimiento de 409% en menos de 20 a\u00f1os.\u00a0<\/span><\/p>\n<\/blockquote>\n<p class=\"p1\"><span style=\"font-size: 14pt;\">La presente iniciativa propone iniciar una nueva etapa electoral para el pa\u00eds. <strong>Se plantea transformar la institucionalidad electoral al suprimir al INE y crear en su lugar el Instituto Nacional de Elecciones y Consultas (INEC) como autoridad electoral independiente garantizando los principios rectores de la funci\u00f3n electoral,<\/strong> como siempre debi\u00f3 haber sido. De igual forma, se propone fortalecer al TEPJF.\u00a0<\/span><\/p>\n<p class=\"p1\"><span style=\"font-size: 14pt;\"><strong>El INEC ser\u00eda la \u00fanica autoridad administrativa electoral del pa\u00eds.<\/strong> Sus funciones absorber\u00edan las de los \u00f3rganos p\u00fablicos locales (OPLE), -como el de Veracruz- es decir, organizar\u00eda la totalidad de los procesos electorales de la rep\u00fablica, a nivel nacional, estatal y municipal. Adem\u00e1s, se propone que lleve a cabo los ejercicios de democracia directa que prev\u00e9n la Constituci\u00f3n y leyes.<\/span><\/p>\n<p class=\"p1\"><span style=\"font-size: 14pt;\">Cabe mencionar que el INE, desde su creaci\u00f3n hasta la fecha, ha ido ejerciendo cada vez m\u00e1s su facultad de atracci\u00f3n sobre las funciones de los OPL, al grado de realizar o verificar pr\u00e1cticamente todas las actividades significativas que corresponden formalmente a dichos \u00f3rganos, salvo la investigaci\u00f3n y sustanciaci\u00f3n de quejas; el registro de candidatos, c\u00f3mputos y declaraci\u00f3n de validez. Contar con una autoridad administrativa \u00fanica abonar\u00e1 a dar mayor certeza y a armonizar los procesos electorales y de participaci\u00f3n ciudadana.<\/span><\/p>\n<p class=\"p1\"><span style=\"font-size: 14pt;\">\u00a0<strong>Basta observar que, adem\u00e1s de lo asignado al INE, cada a\u00f1o se gastan m\u00e1s de 13,000 millones de pesos para sostener a los OPL, tal como se puede ver en la siguiente tabla, que considera los presupuestos de 2021, incluyendo ampliaciones: que nada m\u00e1s en el estado de Veracruz significan $1,121,687,549.00<\/strong><\/span><\/p>\n<p class=\"p1\"><span style=\"font-size: 14pt;\">\u00a0Adem\u00e1s del gigantismo de los \u00f3rganos electorales locales,<strong> hay que agregar la irrelevancia de los tribunales locales en materia electoral: como primera instancia, no brindan certeza a los procesos electorales. El Poder Judicial de la Federaci\u00f3n resuelve en definitiva casi cualquier acto impugnado de las elecciones locales.<\/strong> Por eso, se propone que el TEPJF absorba las controversias electorales locales del pa\u00eds.<\/span><\/p>\n<p class=\"p1\"><span style=\"font-size: 14pt;\">Lo anterior es a nivel federal, pero si se quiere demostrar que a nivel estatal se est\u00e1 en coordinaci\u00f3n con las pol\u00edticas del centro, seguramente que ya se debe de estar preparando una iniciativa de ley para desaparecer<strong> el OPLE Veracruz y el Tribunal Electoral estatal, que para lo \u00fanico que sirven es para derrochar millones de pesos que buena falta hace aplicar a otros rubros.<\/strong><\/span><\/p>\n<p>&nbsp;<\/p>\n<p class=\"p1\"><span style=\"font-size: 18pt;\"><strong>Cont\u00e1ctanos en nuestras redes sociales:<\/strong><\/span><\/p>\n<p class=\"p1\"><span style=\"font-size: 18pt;\"><strong><a href=\"https:\/\/www.canva.com\/design\/DAEN5B9DWgs\/ZCHd2Z8KueYjlg_d59Op3A\/view\">https:\/\/www.canva.com\/design\/DAEN5B9DWgs\/ZCHd2Z8KueYjlg_d59Op3A\/view<\/a><\/strong><\/span><\/p>\n<p>&nbsp;<\/p>\n<p>&nbsp;<\/p>\n<p>&nbsp;<\/p>\n<p>&nbsp;<\/p>\n","protected":false},"excerpt":{"rendered":"<p>&nbsp; &lt;&lt;La Reforma Electoral contempla la desaparici\u00f3n de los \u00d3rganos Locales&gt;&gt; &lt;&lt;Se evitar\u00eda el gasto de 24 mil millones sin<\/p>\n","protected":false},"author":4,"featured_media":3280,"comment_status":"closed","ping_status":"closed","sticky":false,"template":"","format":"standard","meta":{"colormag_page_container_layout":"default_layout","colormag_page_sidebar_layout":"default_layout","_jetpack_memberships_contains_paid_content":false,"footnotes":"","jetpack_publicize_message":"","jetpack_publicize_feature_enabled":true,"jetpack_social_post_already_shared":false,"jetpack_social_options":{"image_generator_settings":{"template":"highway","default_image_id":0,"font":"","enabled":false},"version":2}},"categories":[6],"tags":[65,549,518,73],"class_list":["post-3821","post","type-post","status-publish","format-standard","has-post-thumbnail","hentry","category-columnistas","tag-andres-manuel-lopez-obrador","tag-ople","tag-reforma-electoral","tag-veracruz"],"jetpack_publicize_connections":[],"jetpack_featured_media_url":"https:\/\/noticiasveracruz.com\/wp-content\/uploads\/2022\/04\/NV-MIGUEL-A\u0301NGEL-CRISTIANI.png","jetpack_sharing_enabled":true,"publishpress_future_action":{"enabled":false,"date":"2026-05-06 02:30:37","action":"change-status","newStatus":"draft","terms":[],"taxonomy":"category","extraData":[]},"publishpress_future_workflow_manual_trigger":{"enabledWorkflows":[]},"_links":{"self":[{"href":"https:\/\/noticiasveracruz.com\/index.php\/wp-json\/wp\/v2\/posts\/3821","targetHints":{"allow":["GET"]}}],"collection":[{"href":"https:\/\/noticiasveracruz.com\/index.php\/wp-json\/wp\/v2\/posts"}],"about":[{"href":"https:\/\/noticiasveracruz.com\/index.php\/wp-json\/wp\/v2\/types\/post"}],"author":[{"embeddable":true,"href":"https:\/\/noticiasveracruz.com\/index.php\/wp-json\/wp\/v2\/users\/4"}],"replies":[{"embeddable":true,"href":"https:\/\/noticiasveracruz.com\/index.php\/wp-json\/wp\/v2\/comments?post=3821"}],"version-history":[{"count":0,"href":"https:\/\/noticiasveracruz.com\/index.php\/wp-json\/wp\/v2\/posts\/3821\/revisions"}],"wp:featuredmedia":[{"embeddable":true,"href":"https:\/\/noticiasveracruz.com\/index.php\/wp-json\/wp\/v2\/media\/3280"}],"wp:attachment":[{"href":"https:\/\/noticiasveracruz.com\/index.php\/wp-json\/wp\/v2\/media?parent=3821"}],"wp:term":[{"taxonomy":"category","embeddable":true,"href":"https:\/\/noticiasveracruz.com\/index.php\/wp-json\/wp\/v2\/categories?post=3821"},{"taxonomy":"post_tag","embeddable":true,"href":"https:\/\/noticiasveracruz.com\/index.php\/wp-json\/wp\/v2\/tags?post=3821"}],"curies":[{"name":"wp","href":"https:\/\/api.w.org\/{rel}","templated":true}]}}