{"id":38066,"date":"2024-08-18T09:23:32","date_gmt":"2024-08-18T14:23:32","guid":{"rendered":"https:\/\/noticiasveracruz.com\/?p=38066"},"modified":"2024-08-18T09:23:32","modified_gmt":"2024-08-18T14:23:32","slug":"matan-a-hombre-y-lesionan-a-mujer-a-balazos-en-mazatlan","status":"publish","type":"post","link":"https:\/\/noticiasveracruz.com\/index.php\/2024\/08\/18\/matan-a-hombre-y-lesionan-a-mujer-a-balazos-en-mazatlan\/","title":{"rendered":"Matan a hombre y lesionan a mujer a balazos en Mazatl\u00e1n"},"content":{"rendered":"<p><span style=\"font-size: 14pt;\">Un hombre muri\u00f3 y una mujer result\u00f3 herida al ser atacados a balazos cuando se encontraban en la Playa Las Gaviotas, en la zona tur\u00edstica de Mazatl\u00e1n, Sinaloa.<\/span><\/p>\n<p><span style=\"font-size: 14pt;\">Seg\u00fan el reporte de seguridad, dos sujetos se acercaron al ahora occiso, uno de ellos sac\u00f3 un arma corta y le dispar\u00f3 en repetidas ocasiones, mientras \u00e9ste se encontraba sentado en una silla.<\/span><\/p>\n<p><span style=\"font-size: 14pt;\">La mujer, que recibi\u00f3 un impacto de bala en la espalda, fue trasladada a un hospital; en tanto el cad\u00e1ver del hombre qued\u00f3 en el sitio.<\/span><\/p>\n<p><span style=\"font-size: 14pt;\">Las autoridades no dieron a conocer el nombre de los heridos, ni el motivo del ataque.<\/span><\/p>\n","protected":false},"excerpt":{"rendered":"<p>Un hombre muri\u00f3 y una mujer result\u00f3 herida al ser atacados a balazos cuando se encontraban en la Playa Las Gaviotas, en la zona tur\u00edstica de Mazatl\u00e1n, Sinaloa. Seg\u00fan el reporte de seguridad, dos sujetos se acercaron al ahora occiso, uno de ellos sac\u00f3 un arma corta y le dispar\u00f3 en repetidas ocasiones, mientras \u00e9ste [&hellip;]<\/p>\n","protected":false},"author":4,"featured_media":38067,"comment_status":"closed","ping_status":"closed","sticky":false,"template":"","format":"standard","meta":{"_jetpack_newsletter_access":"","_jetpack_dont_email_post_to_subs":false,"_jetpack_newsletter_tier_id":0,"_jetpack_memberships_contains_paywalled_content":false,"_jetpack_feature_clip_id":0,"_jetpack_memberships_contains_paid_content":false,"footnotes":"","jetpack_publicize_message":"","jetpack_publicize_feature_enabled":true,"jetpack_social_post_already_shared":true,"jetpack_social_options":{"image_generator_settings":{"template":"highway","default_image_id":0,"font":"","enabled":false},"version":2},"jetpack_post_was_ever_published":false},"categories":[145],"tags":[],"class_list":["post-38066","post","type-post","status-publish","format-standard","has-post-thumbnail","hentry","category-estados"],"jetpack_publicize_connections":[],"jetpack_sharing_enabled":true,"publishpress_future_action":{"enabled":false,"date":"2026-09-09 22:35:00","action":"change-status","newStatus":"draft","terms":[],"taxonomy":"category","extraData":[]},"publishpress_future_workflow_manual_trigger":{"enabledWorkflows":[]},"jetpack_featured_media_url":"https:\/\/noticiasveracruz.com\/wp-content\/uploads\/2024\/08\/tragico-ataque-armado-en-mazatlan-hombre-pierde-la-vida-543274.jpg","_links":{"self":[{"href":"https:\/\/noticiasveracruz.com\/index.php\/wp-json\/wp\/v2\/posts\/38066","targetHints":{"allow":["GET"]}}],"collection":[{"href":"https:\/\/noticiasveracruz.com\/index.php\/wp-json\/wp\/v2\/posts"}],"about":[{"href":"https:\/\/noticiasveracruz.com\/index.php\/wp-json\/wp\/v2\/types\/post"}],"author":[{"embeddable":true,"href":"https:\/\/noticiasveracruz.com\/index.php\/wp-json\/wp\/v2\/users\/4"}],"replies":[{"embeddable":true,"href":"https:\/\/noticiasveracruz.com\/index.php\/wp-json\/wp\/v2\/comments?post=38066"}],"version-history":[{"count":0,"href":"https:\/\/noticiasveracruz.com\/index.php\/wp-json\/wp\/v2\/posts\/38066\/revisions"}],"wp:featuredmedia":[{"embeddable":true,"href":"https:\/\/noticiasveracruz.com\/index.php\/wp-json\/wp\/v2\/media\/38067"}],"wp:attachment":[{"href":"https:\/\/noticiasveracruz.com\/index.php\/wp-json\/wp\/v2\/media?parent=38066"}],"wp:term":[{"taxonomy":"category","embeddable":true,"href":"https:\/\/noticiasveracruz.com\/index.php\/wp-json\/wp\/v2\/categories?post=38066"},{"taxonomy":"post_tag","embeddable":true,"href":"https:\/\/noticiasveracruz.com\/index.php\/wp-json\/wp\/v2\/tags?post=38066"}],"curies":[{"name":"wp","href":"https:\/\/api.w.org\/{rel}","templated":true}]}}