{"id":37968,"date":"2024-08-16T15:28:00","date_gmt":"2024-08-16T20:28:00","guid":{"rendered":"https:\/\/noticiasveracruz.com\/?p=37968"},"modified":"2024-08-16T15:28:00","modified_gmt":"2024-08-16T20:28:00","slug":"realizan-exitosa-jornada-multidisciplinaria-en-favor-de-las-familias-tuxpenas","status":"publish","type":"post","link":"https:\/\/noticiasveracruz.com\/index.php\/2024\/08\/16\/realizan-exitosa-jornada-multidisciplinaria-en-favor-de-las-familias-tuxpenas\/","title":{"rendered":"Realizan exitosa Jornada Multidisciplinaria en favor de las familias tuxpe\u00f1as"},"content":{"rendered":"<p><span style=\"font-size: 14pt;\">En la planta baja de la presidencia municipal, este jueves se desarroll\u00f3 la Jornada Multidisciplinaria que realiza la Sindicatura \u00danica del gobierno de Tuxpan, a cargo de la Mtra. Beatriz Pi\u00f1a Vergara.<\/span><\/p>\n<p><span style=\"font-size: 14pt;\">Con el apoyo del Grupo \u00d3ptico del Totonacapan, se practicaron gratuitamente ex\u00e1menes de la vista para detectar afectaciones visuales y se ofreci\u00f3 la adquisici\u00f3n de lentes graduados a bajo costo.<\/span><\/p>\n<p><span style=\"font-size: 14pt;\">Del mismo modo, profesionales del Instituto de Belleza \u201cThe Queens\u201d atendieron con cortes de cabello a quienes asistieron, y se llev\u00f3 a cabo el curso para hacer peinados con trenzas.<\/span><\/p>\n<p><span style=\"font-size: 14pt;\">Una vez m\u00e1s la fundaci\u00f3n \u201cSin Miedo a Trabajar Contigo\u201d imparti\u00f3 el taller de elaboraci\u00f3n de art\u00edculos con list\u00f3n, donde adem\u00e1s de arreglos de flores se realizan diademas, lapiceros y otros objetos de decoraci\u00f3n.<\/span><\/p>\n<p><span style=\"font-size: 14pt;\">La s\u00edndica Beatriz Pi\u00f1a indic\u00f3 que estas jornadas se continuar\u00e1n llevando a cabo cada semana en la misma sede, invitando a las familias a que acudan todos los jueves, de 10:00 a 15:00 horas y se beneficien con cualquiera de estos servicios.<\/span><\/p>\n","protected":false},"excerpt":{"rendered":"<p>En la planta baja de la presidencia municipal, este jueves se desarroll\u00f3 la Jornada Multidisciplinaria que realiza la Sindicatura \u00danica<\/p>\n","protected":false},"author":4,"featured_media":37969,"comment_status":"closed","ping_status":"closed","sticky":false,"template":"","format":"standard","meta":{"colormag_page_container_layout":"default_layout","colormag_page_sidebar_layout":"default_layout","_jetpack_memberships_contains_paid_content":false,"footnotes":"","jetpack_publicize_message":"","jetpack_publicize_feature_enabled":true,"jetpack_social_post_already_shared":true,"jetpack_social_options":{"image_generator_settings":{"template":"highway","default_image_id":0,"font":"","enabled":false},"version":2}},"categories":[3372,356],"tags":[],"class_list":["post-37968","post","type-post","status-publish","format-standard","has-post-thumbnail","hentry","category-gobierno-tuxpan","category-veracruz"],"jetpack_publicize_connections":[],"jetpack_featured_media_url":"https:\/\/noticiasveracruz.com\/wp-content\/uploads\/2024\/08\/393fc874-ab70-4b65-9529-5baa4d3a97ba.jpg","jetpack_sharing_enabled":true,"publishpress_future_action":{"enabled":false,"date":"2026-05-10 07:13:23","action":"change-status","newStatus":"draft","terms":[],"taxonomy":"category","extraData":[]},"publishpress_future_workflow_manual_trigger":{"enabledWorkflows":[]},"_links":{"self":[{"href":"https:\/\/noticiasveracruz.com\/index.php\/wp-json\/wp\/v2\/posts\/37968","targetHints":{"allow":["GET"]}}],"collection":[{"href":"https:\/\/noticiasveracruz.com\/index.php\/wp-json\/wp\/v2\/posts"}],"about":[{"href":"https:\/\/noticiasveracruz.com\/index.php\/wp-json\/wp\/v2\/types\/post"}],"author":[{"embeddable":true,"href":"https:\/\/noticiasveracruz.com\/index.php\/wp-json\/wp\/v2\/users\/4"}],"replies":[{"embeddable":true,"href":"https:\/\/noticiasveracruz.com\/index.php\/wp-json\/wp\/v2\/comments?post=37968"}],"version-history":[{"count":0,"href":"https:\/\/noticiasveracruz.com\/index.php\/wp-json\/wp\/v2\/posts\/37968\/revisions"}],"wp:featuredmedia":[{"embeddable":true,"href":"https:\/\/noticiasveracruz.com\/index.php\/wp-json\/wp\/v2\/media\/37969"}],"wp:attachment":[{"href":"https:\/\/noticiasveracruz.com\/index.php\/wp-json\/wp\/v2\/media?parent=37968"}],"wp:term":[{"taxonomy":"category","embeddable":true,"href":"https:\/\/noticiasveracruz.com\/index.php\/wp-json\/wp\/v2\/categories?post=37968"},{"taxonomy":"post_tag","embeddable":true,"href":"https:\/\/noticiasveracruz.com\/index.php\/wp-json\/wp\/v2\/tags?post=37968"}],"curies":[{"name":"wp","href":"https:\/\/api.w.org\/{rel}","templated":true}]}}