{"id":3794,"date":"2022-05-02T01:03:19","date_gmt":"2022-05-02T06:03:19","guid":{"rendered":"https:\/\/noticiasveracruz.com\/?p=3794"},"modified":"2022-05-02T02:57:32","modified_gmt":"2022-05-02T07:57:32","slug":"norte-de-veracruz-playas-y-cultura-al-visitante","status":"publish","type":"post","link":"https:\/\/noticiasveracruz.com\/index.php\/2022\/05\/02\/norte-de-veracruz-playas-y-cultura-al-visitante\/","title":{"rendered":"Norte de Veracruz, Playas y Cultura al visitante"},"content":{"rendered":"<p>&nbsp;<\/p>\n<p class=\"p1\"><span style=\"font-size: 18pt;\"><b>&lt;&lt;Un espacio siempre sorprendente abierto todo el a\u00f1o a los viajeros y aventureros del pa\u00eds y del mundo&gt;&gt;<\/b><\/span><\/p>\n<p>&nbsp;<\/p>\n<p class=\"p1\"><span style=\"font-size: 18pt;\"><b>Por \u00c1ngel \u00c1lvaro Pe\u00f1a<\/b><\/span><\/p>\n<p class=\"p1\"><span style=\"font-size: 14pt;\">El turismo no s\u00f3lo es una actividad que le es propia a M\u00e9xico por su ubicaci\u00f3n geogr\u00e1fica y sus litorales, que aumentaron por malos c\u00e1lculos en administraciones anteriores que no tomaron en cuenta los que se ubican alrededor de las islas. Se consideraba que las costas de M\u00e9xico med\u00edan 14 mil 339 kil\u00f3metros, pero la nueva cartograf\u00eda de la Comisi\u00f3n Nacional para el Conocimiento y Uso de la Biodiversidad, indica que todas, las costas mexicanas suman 15 mil 69 kil\u00f3metros. La cifra final es el resultado de la uni\u00f3n de 12 mil 18 kil\u00f3metros de costas continentales y 3 mil 51 kil\u00f3metros de costas de islas, por lo que las posibilidades de mantener una atracci\u00f3n tur\u00edstica nacional son cada vez mayores.<\/span><\/p>\n<p class=\"p1\"><strong><span style=\"font-size: 14pt;\">En los \u00faltimos tres meses de 2021\u00a0la actividad tur\u00edstica\u00a0de M\u00e9xico subi\u00f3 19.7 por ciento, Y en los primeros tres meses del presente a\u00f1o, la captaci\u00f3n de visitantes super\u00f3 en lugares como el norte de Veracruz, la \u00e9poca anterior a la pandemia.<\/span><\/strong><\/p>\n<blockquote>\n<p class=\"p1\"><span style=\"font-size: 14pt;\">Veracruz fue la puerta de entrada de conquista e invasiones, pero tambi\u00e9n el punto de choque y encuentro de culturas que terminaron por armonizar y fusionarse. Es un punto clave para entender nuestra historia y saber m\u00e1s de nosotros mismos.<\/span><\/p>\n<\/blockquote>\n<p class=\"p1\"><span style=\"font-size: 14pt;\">La fusi\u00f3n de culturas que por siglo prevalecen en un estado cuya mayor frontera con el mundo tiene expresiones que deben ser conocidas por ese mundo que durante m\u00e1s de 500 a\u00f1os ha llegado con diferentes intenciones y siempre queda asombrado. As\u00ed, en ese extenso y profundo panorama de culturas y atractivos naturales se encuentra el norte de Veracruz lleno de lugares y vivencias que pocos pa\u00edses en el planeta pueden ofrecer.<\/span><\/p>\n<p class=\"p1\"><span style=\"font-size: 14pt;\">La organizaci\u00f3n de la sociedad de esta regi\u00f3n del estado deriv\u00f3 en objetivos comunes que elevaron la calidad de los servicios para que el visitante que s\u00f3lo se ve\u00eda atra\u00eddo por la arena y el sol encontrara un hotel de primer mundo y una comida fuera de este mundo.<\/span><\/p>\n<p>&nbsp;<\/p>\n<p><img loading=\"lazy\" decoding=\"async\" class=\"aligncenter wp-image-4637 size-large\" src=\"https:\/\/politicosaldesnudo.com.mx\/wp-content\/uploads\/2022\/05\/P-TURISMO2-1024x573.png\" alt=\"\" width=\"800\" height=\"448\" \/><\/p>\n<p>&nbsp;<\/p>\n<p class=\"p1\"><span style=\"font-size: 14pt;\">Los turistas encontraron un foco de atracci\u00f3n inagotable y hay visitantes de todo el mundo que exploran la regi\u00f3n cada vez que pueden, encontrando un cambio notorio en los sitios que ya conocen y descubriendo otro, igualmente atractivos que todav\u00eda no visitaban.<\/span><\/p>\n<p class=\"p1\"><span style=\"font-size: 14pt;\"><strong>El turismo es la actividad m\u00e1s noble de todo lugar, porque no necesita m\u00e1s que mejorar el servicio de una infraestructura que crece mediante la demanda y \u00e9sta crece de acuerdo a la calidad del servicio.<\/strong> De tal manera que se trata de una actividad que requiere de conocimiento e intuici\u00f3n, de car\u00e1cter y conocimientos. No cualquiera puede llevar a cabo las tareas del turismo sin conocer profundamente cada actividad que a trav\u00e9s de esta tarea se realiza.<\/span><\/p>\n<p class=\"p1\"><span style=\"font-size: 14pt;\">La geograf\u00eda de Veracruz, sus paisajes, su historia es inagotable. <strong>El norte de Veracruz es un punto obligado para entender la historia universal y encontrar en el presente la tranquilidad y seguridad que otros sitios del continente no ofrecen.<\/strong><\/span><\/p>\n<p><img loading=\"lazy\" decoding=\"async\" class=\"aligncenter wp-image-4639 size-large\" src=\"https:\/\/politicosaldesnudo.com.mx\/wp-content\/uploads\/2022\/05\/P-TURISMO4-1024x573.png\" alt=\"\" width=\"800\" height=\"448\" \/><\/p>\n<p>&nbsp;<\/p>\n<p class=\"p1\"><span style=\"font-size: 14pt;\">As\u00ed, en este contexto y con el fin de mejorar cada d\u00eda la calidad de los servicios para incrementar el confort de los habitantes la Secretar\u00eda de Turismo estatal y empresarios integrantes de la Asociaci\u00f3n de Hoteles, Moteles y Prestadores de Servicios Tur\u00edsticos de la Regi\u00f3n Totonaca de Veracruz y Ruta Totonaca, se reunieron para perfeccionar los servicios y aumentar su capacidad de viajeros.<\/span><\/p>\n<p>&nbsp;<\/p>\n<p class=\"p1\"><span style=\"font-size: 18pt;\"><b>M\u00c1S TURISMO <\/b><\/span><\/p>\n<p class=\"p1\"><span style=\"font-size: 14pt;\"><strong>En un hotel de Poza rica, el secretario de Turismo de la entidad, Iv\u00e1n Mart\u00ednez Olvera present\u00f3 una agenda de trabajo para este importante sector. Que encabez\u00f3 Cecilia Uresti Villegas, presidenta de la\u00a0Asociaci\u00f3n de Hoteles, Moteles y Prestadores de Servicios Tur\u00edsticos<\/strong>, que contiene a una gran diversidad de servidores y servicios en la zona, cuyos integrantes se comprometieron a ser mejores y as\u00ed mejorar sus servicios, as\u00ed como su disposici\u00f3n para unir esfuerzos y posicionar la zona norte de Veracruz como uno de los mejores destinos tur\u00edsticos del estado, del pa\u00eds y del mundo.<\/span><\/p>\n<blockquote>\n<p class=\"p1\"><span style=\"font-size: 14pt;\">Porque la zona norte cuenta con pueblos m\u00e1gicos, las playas m\u00e1s cercanas a la Ciudad de M\u00e9xico, y estados circunvecinos, excelente gastronom\u00eda, cultura, actividades deportivas, tradiciones y la calidez de su gente que no tiene paralelo.<\/span><\/p>\n<\/blockquote>\n<p class=\"p1\"><span style=\"font-size: 14pt;\">La necesidad de mejorar cada d\u00eda los servicios empieza por transformar una actitud ante la vida y esta compleja condici\u00f3n humana, propia de quienes viven del servicio a los dem\u00e1s, se da de manera espont\u00e1nea en los diferentes puntos de esta regi\u00f3n.<\/span><\/p>\n<p class=\"p1\"><span style=\"font-size: 14pt;\">Ante esta proyecci\u00f3n se suman empresarios a un proyecto com\u00fan que dentro o fuera de estos l\u00edmites geogr\u00e1ficos se ven atra\u00eddos por la solidaridad que entre pares se conjunta para avanzar a partir de la suma de visitantes siempre en aumento.<\/span><\/p>\n<p class=\"p1\"><span style=\"font-size: 14pt;\">Acudieron a esta reuni\u00f3n empresarios hoteleros, restauranteros, gu\u00edas de turistas, productores, asociaciones tur\u00edsticas, deportivas, y como invitados especiales directores de universidades y tecnol\u00f3gicos de la regi\u00f3n quienes tuvieron la oportunidad de conocer a profundidad la trascendencia del turismo como polo de desarrollo econ\u00f3mico.<\/span><\/p>\n<p class=\"p1\"><strong><span style=\"font-size: 14pt;\">La disposici\u00f3n de autoridades y prestadores de servicio armoniz\u00f3, iniciando por las coincidencias y terminando en una fusi\u00f3n de tareas que coordinados por la capacidad de Uresti Villegas resultaron claros objetivos a corto, media y largo plazos. Todos posibles y con arduo trabajo como impulsor de cada una de las responsabilidades que redundar\u00e1n en una transformaci\u00f3n en favor de todos.<\/span><\/strong><\/p>\n<p>&nbsp;<\/p>\n<p><img loading=\"lazy\" decoding=\"async\" class=\"aligncenter wp-image-4638 size-large\" src=\"https:\/\/politicosaldesnudo.com.mx\/wp-content\/uploads\/2022\/05\/P-TURISMO3-1024x573.png\" alt=\"\" width=\"800\" height=\"448\" \/><\/p>\n<p>&nbsp;<\/p>\n<p class=\"p1\"><span style=\"font-size: 14pt;\"><strong>La\u00a0Asociaci\u00f3n de Hoteles, Moteles y Prestadores de Servicios Tur\u00edsticos y Ruta Totonaca<\/strong>, presentaron conjuntamente un plan de trabajo\u00a0con propuestas de actividades, eventos deportivos, culturales y gastron\u00f3micos para 2022, buscando el respaldo del gobierno estatal, que acogi\u00f3 con benepl\u00e1cito dicho trabajo, ambicioso pero posible de concretar.<\/span><\/p>\n<p class=\"p1\"><span style=\"font-size: 14pt;\">Integraron el pres\u00eddium de este trascendente encuentro, la Mtra. Sandra Ang\u00e9lica Hern\u00e1ndez Herrera, Directora de Universidad Tecnol\u00f3gica de Guti\u00e9rrez Zamora, Lic. Heriberto Ortiz Vera. Eduardo Leyva Medina hotel R\u00edo Vista Inn, Cecilia Uresti Villegas, Presidenta de la\u00a0Asociaci\u00f3n de Hoteles, Moteles y Prestadores de Servicios Tur\u00edsticos\u00a0y Ruta Totonaca, Secretario de turismo Mtro. Ivan Mart\u00ednez Olvera, Jose Jorge El\u00edas Benignos hotel Poza Rica Centro Yarid Christfield Lugo, director acad\u00e9mico Instituto Superior Tecnol\u00f3gico de Poza Rica, Francisco Garc\u00eda Cortez, director de la Universidad del Golfo de M\u00e9xico.<\/span><\/p>\n<p class=\"p1\"><strong><span style=\"font-size: 14pt;\">Los planes de trabajo al presentarse a las autoridades crecen y se enriquecen cuando hay responsabilidad y compromiso por parte de las autoridades, este fue el caso de que un proyecto inicial trascienda sus propios l\u00edmites geogr\u00e1ficos y sus posibilidades, para llegar cada d\u00eda a niveles m\u00e1s altos.<\/span><\/strong><\/p>\n<p>&nbsp;<\/p>\n<p>&nbsp;<\/p>\n<p>&nbsp;<\/p>\n<p>&nbsp;<\/p>\n<p>&nbsp;<\/p>\n","protected":false},"excerpt":{"rendered":"<p>&nbsp; &lt;&lt;Un espacio siempre sorprendente abierto todo el a\u00f1o a los viajeros y aventureros del pa\u00eds y del mundo&gt;&gt; &nbsp;<\/p>\n","protected":false},"author":4,"featured_media":3795,"comment_status":"closed","ping_status":"closed","sticky":false,"template":"","format":"standard","meta":{"colormag_page_container_layout":"default_layout","colormag_page_sidebar_layout":"default_layout","_jetpack_memberships_contains_paid_content":false,"footnotes":"","jetpack_publicize_message":"","jetpack_publicize_feature_enabled":true,"jetpack_social_post_already_shared":false,"jetpack_social_options":{"image_generator_settings":{"template":"highway","default_image_id":0,"font":"","enabled":false},"version":2}},"categories":[145],"tags":[205,73],"class_list":["post-3794","post","type-post","status-publish","format-standard","has-post-thumbnail","hentry","category-estados","tag-turismo","tag-veracruz"],"jetpack_publicize_connections":[],"jetpack_featured_media_url":"https:\/\/noticiasveracruz.com\/wp-content\/uploads\/2022\/05\/P-TAJIN.png","jetpack_sharing_enabled":true,"publishpress_future_action":{"enabled":false,"date":"2026-05-03 17:41:37","action":"change-status","newStatus":"draft","terms":[],"taxonomy":"category","extraData":[]},"publishpress_future_workflow_manual_trigger":{"enabledWorkflows":[]},"_links":{"self":[{"href":"https:\/\/noticiasveracruz.com\/index.php\/wp-json\/wp\/v2\/posts\/3794","targetHints":{"allow":["GET"]}}],"collection":[{"href":"https:\/\/noticiasveracruz.com\/index.php\/wp-json\/wp\/v2\/posts"}],"about":[{"href":"https:\/\/noticiasveracruz.com\/index.php\/wp-json\/wp\/v2\/types\/post"}],"author":[{"embeddable":true,"href":"https:\/\/noticiasveracruz.com\/index.php\/wp-json\/wp\/v2\/users\/4"}],"replies":[{"embeddable":true,"href":"https:\/\/noticiasveracruz.com\/index.php\/wp-json\/wp\/v2\/comments?post=3794"}],"version-history":[{"count":0,"href":"https:\/\/noticiasveracruz.com\/index.php\/wp-json\/wp\/v2\/posts\/3794\/revisions"}],"wp:featuredmedia":[{"embeddable":true,"href":"https:\/\/noticiasveracruz.com\/index.php\/wp-json\/wp\/v2\/media\/3795"}],"wp:attachment":[{"href":"https:\/\/noticiasveracruz.com\/index.php\/wp-json\/wp\/v2\/media?parent=3794"}],"wp:term":[{"taxonomy":"category","embeddable":true,"href":"https:\/\/noticiasveracruz.com\/index.php\/wp-json\/wp\/v2\/categories?post=3794"},{"taxonomy":"post_tag","embeddable":true,"href":"https:\/\/noticiasveracruz.com\/index.php\/wp-json\/wp\/v2\/tags?post=3794"}],"curies":[{"name":"wp","href":"https:\/\/api.w.org\/{rel}","templated":true}]}}