{"id":3792,"date":"2022-05-02T00:58:23","date_gmt":"2022-05-02T05:58:23","guid":{"rendered":"https:\/\/noticiasveracruz.com\/?p=3792"},"modified":"2022-05-02T00:57:10","modified_gmt":"2022-05-02T05:57:10","slug":"los-vicios-del-ine","status":"publish","type":"post","link":"https:\/\/noticiasveracruz.com\/index.php\/2022\/05\/02\/los-vicios-del-ine\/","title":{"rendered":"Los vicios del INE"},"content":{"rendered":"<p>&nbsp;<\/p>\n<p class=\"p1\"><span style=\"font-size: 18pt;\"><b>Por Jos\u00e9 Garc\u00eda S\u00e1nchez<\/b><\/span><\/p>\n<p class=\"p2\"><span style=\"font-size: 14pt;\">Adem\u00e1s de los puntos anunciados en la <strong>Reforma Electoral<\/strong>, que se discutir\u00e1n y modificar\u00e1n, est\u00e1 el concepto general de la reforma, que encamina hacia la concreci\u00f3n de una democracia m\u00e1s participativa, donde no s\u00f3lo se reparten los derechos entre m\u00e1s personas sino las responsabilidades.<\/span><\/p>\n<p class=\"p2\"><strong><span style=\"font-size: 14pt;\">En toda democracia digna de serlo cualquier reforma debe ser bienvenida, sobre todo cuando se otorga m\u00e1s poder a la poblaci\u00f3n. La din\u00e1mica social no s\u00f3lo cambia sino evoluciona, pero cuando pesa m\u00e1s la consigna que el conocimiento del tema o la convicci\u00f3n, la reacci\u00f3n natural de los amantes de la inmovilidad habla de retroceso para calificar la pr\u00f3xima reforma electoral.<\/span><\/strong><\/p>\n<p class=\"p2\"><span style=\"font-size: 14pt;\">En efecto, uno de los puntos tiene que ver con la reducci\u00f3n o desaparici\u00f3n de los diputados plurinominales dados de alta en las reformas electorales anteriores para otorgar representaci\u00f3n a una oposici\u00f3n que no s\u00f3lo fue contrapeso sino que ya tom\u00f3 el poder.<\/span><\/p>\n<p class=\"p2\"><span style=\"font-size: 14pt;\">Ahora las curules plurinominales se destinan a las minor\u00edas que carecen de apoyo popular, a las que se les permite alargar su agon\u00eda como partido pol\u00edtico. As\u00ed. Dan representaci\u00f3n artificial a partidos que carecen de votos y simpat\u00edas del electorado. Condiciones muy diferentes a las que dieron origen a las legislaturas proporcionales. Cuando surgieron \u00e9stas fue para tener representaci\u00f3n, ahora representan sobrevivencia y resguardo de su registro, porque carecen del apoyo popular.<\/span><\/p>\n<p class=\"p2\"><strong><span style=\"font-size: 14pt;\">Los enemigos de la Reforma Electoral son en primer lugar los consejeros electorales, quienes, desde luego, no s\u00f3lo perder\u00edan sus privilegios sino que su grupo se quedar\u00eda sin trabajo, porque se trata de una capilla de iluminados con maestr\u00edas y doctorados que tiene copado el instituto y han programado su futuro laboral hasta los pr\u00f3ximos 30 d\u00edas, de ah\u00ed su prepotencia y arrogancia.<\/span><\/strong><\/p>\n<p class=\"p2\"><span style=\"font-size: 14pt;\">Estos mismos consejeros han establecido lazos con grupos de empresarios y asociaciones conservadoras que a trav\u00e9s del v\u00ednculo que representa el hecho de que los inviten a sus instalaciones privadas a ofrecer conferencias, ahora se consideran con el derecho suficiente para opinar sobre la reforma electoral, como es el caso de Banco Base, un banco extra\u00f1o, que es una sociedad financiera m\u00e1s, pero con la posibilidad de comentar sobre la democracia en M\u00e9xico y su urgente reforma electoral.<\/span><\/p>\n<p class=\"p2\"><span style=\"font-size: 14pt;\">La Directora de An\u00e1lisis Econ\u00f3mico de\u00a0Banco Base, Gabriela Siller, afirm\u00f3 que la reforma m\u00e1s grave que la actual administraci\u00f3n puede realizar en caso de aprobarse, es la\u00a0iniciativa contra el INE,\u00a0ya que no solo afectar\u00eda el sector econ\u00f3mico, sino que tambi\u00e9n la democracia,\u00a0generando una p\u00e9rdida del grado de inversi\u00f3n de M\u00e9xico.<\/span><\/p>\n<p class=\"p2\"><span style=\"font-size: 14pt;\">En video la conferencia denominada \u201cPerspectivas Econ\u00f3micas del Segundo Trimestre 2022 de Grupo Financiero Base\u201d, la representante del organismo financiero se\u00f1al\u00f3 que\u00a0preocupa la calificaci\u00f3n crediticia de M\u00e9xico,\u00a0donde existe una probabilidad, de que en los siguientes 12 meses, se divise un recorte al menos, en la calificaci\u00f3n crediticia del pa\u00eds.<\/span><\/p>\n<blockquote>\n<p class=\"p2\"><span style=\"font-size: 14pt;\">El absurdo se vuelve un feroz insulto a la inteligencia de los mexicanos con estas injerencias de quienes carecen de calidad moral, ahora cualquier instancia puede introducir ruido a una reforma electoral que viciaron de origen los consejeros electorales, quienes piden que no se pierda la autonom\u00eda del instituto, cuando fueron ellos y nadie m\u00e1s, quienes la violentaron hasta dejarlo como un grupo de presi\u00f3n o un partido pol\u00edtico sin registro.<\/span><\/p>\n<\/blockquote>\n<p class=\"p2\"><span style=\"font-size: 14pt;\">Desde luego que los grupos conservadores surgen como hongos para impedir que esa estructura pol\u00edtica que ha beneficiado a empresarios pueda transformarse, lo que necesita es desaparecer para refundar una instancia electoral digna del tiempo que vive el mundo y no un \u00e1rbitro electoral parcial y tendencioso, que es m\u00e1s radical que cuando el represor Fernando Guti\u00e9rrez Barrios la presid\u00eda.<\/span><\/p>\n<p class=\"p2\"><span style=\"font-size: 14pt;\">Hay muchos intereses extra electorales en el actual INE, habr\u00e1 que ver todos y cada uno de los sitios a donde asistieron los consejeros electorales a dar conferencias, a los que \u00e9stos le permitieron su injerencia en asuntos que s\u00f3lo eran propios de los partidos pol\u00edticos y la poblaci\u00f3n.<\/span><\/p>\n<p class=\"p2\"><strong><span style=\"font-size: 14pt;\">La podredumbre de la c\u00fapula del INE debe derrumbarse y castigar, con pruebas y de manera ejemplar a los culpables de esa imperdonable distorsi\u00f3n.<\/span><\/strong><\/p>\n<p>&nbsp;<\/p>\n<p><strong><span style=\"font-size: 18pt;\">Twitter: <a href=\"https:\/\/twitter.com\/Josangasa3\">@Josangasa3<\/a><\/span><\/strong><\/p>\n<p>&nbsp;<\/p>\n<p>&nbsp;<\/p>\n<p>&nbsp;<\/p>\n","protected":false},"excerpt":{"rendered":"<p>&nbsp; Por Jos\u00e9 Garc\u00eda S\u00e1nchez Adem\u00e1s de los puntos anunciados en la Reforma Electoral, que se discutir\u00e1n y modificar\u00e1n, est\u00e1<\/p>\n","protected":false},"author":4,"featured_media":3183,"comment_status":"closed","ping_status":"closed","sticky":false,"template":"","format":"standard","meta":{"colormag_page_container_layout":"default_layout","colormag_page_sidebar_layout":"default_layout","_jetpack_memberships_contains_paid_content":false,"footnotes":"","jetpack_publicize_message":"","jetpack_publicize_feature_enabled":true,"jetpack_social_post_already_shared":false,"jetpack_social_options":{"image_generator_settings":{"template":"highway","default_image_id":0,"font":"","enabled":false},"version":2}},"categories":[6],"tags":[66,518],"class_list":["post-3792","post","type-post","status-publish","format-standard","has-post-thumbnail","hentry","category-columnistas","tag-ine","tag-reforma-electoral"],"jetpack_publicize_connections":[],"jetpack_featured_media_url":"https:\/\/noticiasveracruz.com\/wp-content\/uploads\/2022\/04\/NV-JOSE\u0301-GARCI\u0301A.png","jetpack_sharing_enabled":true,"publishpress_future_action":{"enabled":false,"date":"2026-05-03 16:11:22","action":"change-status","newStatus":"draft","terms":[],"taxonomy":"category","extraData":[]},"publishpress_future_workflow_manual_trigger":{"enabledWorkflows":[]},"_links":{"self":[{"href":"https:\/\/noticiasveracruz.com\/index.php\/wp-json\/wp\/v2\/posts\/3792","targetHints":{"allow":["GET"]}}],"collection":[{"href":"https:\/\/noticiasveracruz.com\/index.php\/wp-json\/wp\/v2\/posts"}],"about":[{"href":"https:\/\/noticiasveracruz.com\/index.php\/wp-json\/wp\/v2\/types\/post"}],"author":[{"embeddable":true,"href":"https:\/\/noticiasveracruz.com\/index.php\/wp-json\/wp\/v2\/users\/4"}],"replies":[{"embeddable":true,"href":"https:\/\/noticiasveracruz.com\/index.php\/wp-json\/wp\/v2\/comments?post=3792"}],"version-history":[{"count":0,"href":"https:\/\/noticiasveracruz.com\/index.php\/wp-json\/wp\/v2\/posts\/3792\/revisions"}],"wp:featuredmedia":[{"embeddable":true,"href":"https:\/\/noticiasveracruz.com\/index.php\/wp-json\/wp\/v2\/media\/3183"}],"wp:attachment":[{"href":"https:\/\/noticiasveracruz.com\/index.php\/wp-json\/wp\/v2\/media?parent=3792"}],"wp:term":[{"taxonomy":"category","embeddable":true,"href":"https:\/\/noticiasveracruz.com\/index.php\/wp-json\/wp\/v2\/categories?post=3792"},{"taxonomy":"post_tag","embeddable":true,"href":"https:\/\/noticiasveracruz.com\/index.php\/wp-json\/wp\/v2\/tags?post=3792"}],"curies":[{"name":"wp","href":"https:\/\/api.w.org\/{rel}","templated":true}]}}