{"id":37912,"date":"2024-08-16T07:47:09","date_gmt":"2024-08-16T12:47:09","guid":{"rendered":"https:\/\/noticiasveracruz.com\/?p=37912"},"modified":"2024-08-16T07:47:09","modified_gmt":"2024-08-16T12:47:09","slug":"detectan-en-suecia-el-primer-caso-de-mpox-fuera-de-africa","status":"publish","type":"post","link":"https:\/\/noticiasveracruz.com\/index.php\/2024\/08\/16\/detectan-en-suecia-el-primer-caso-de-mpox-fuera-de-africa\/","title":{"rendered":"Detectan en Suecia el primer caso de mpox fuera de \u00c1frica"},"content":{"rendered":"<div>\n<div id=\"content-body-225-12401860\">\n<p><span style=\"font-size: 14pt;\">El\u00a0primer caso fuera de \u00c1frica\u00a0en el actual brote de\u00a0mpox\u00a0(antes conocido como\u00a0viruela del mono) fue detectado este jueves en\u00a0Suecia, inform\u00f3 el ministro de Asuntos Sociales sueco, Jakob Forssmed.<\/span><\/p>\n<p><span style=\"font-size: 14pt;\">\u00abPor supuesto es algo que tomamos en serio\u00bb, declar\u00f3 en una rueda de prensa, seg\u00fan la agencia sueca TT.<\/span><\/p>\n<p><span style=\"font-size: 14pt;\">El caso ha sido detectado en la regi\u00f3n de\u00a0Estocolmo\u00a0y se trata de\u00a0una persona que estuvo en la zona de \u00c1frica afectada por el brote.<\/span><\/p>\n<p><span style=\"font-size: 14pt;\">\u00abLa persona en Suecia ha recibido tratamiento y reglas de comportamiento (que debe seguir) seg\u00fan las recomendaciones actuales\u00bb, declar\u00f3 Olivia Wigzell, directora general en funciones de la Agencia de Salud P\u00fablica.<\/span><\/p>\n<\/div>\n<\/div>\n<article>\n<div id=\"content-body-5851641-12401860\">\n<p><span style=\"font-size: 14pt;\">El caso no incrementa el riesgo de la poblaci\u00f3n sueca en general, afirm\u00f3 Wigzell, seg\u00fan la cual no hacen falta por el momento medidas de control de infecciones adicionales.<\/span><\/p>\n<p><span style=\"font-size: 14pt;\">La\u00a0Organizaci\u00f3n Mundial de la Salud (OMS)\u00a0declar\u00f3 este mi\u00e9rcoles el actual\u00a0brote de mpox\u00a0(conocido antes como viruela del mono) en la Rep\u00fablica Democr\u00e1tica del Congo (CDC), y que se ha extendido a otros pa\u00edses cercanos, como una\u00a0emergencia de salud p\u00fablica\u00a0de alcance internacional.<\/span><\/p>\n<p><span style=\"font-size: 14pt;\">Esta es la\u00a0segunda vez en dos a\u00f1os\u00a0que se considera que esta\u00a0enfermedad\u00a0infecciosa\u00a0puede\u00a0convertirse\u00a0en una\u00a0amenaza sanitaria\u00a0internacional, una alerta que inicialmente se levant\u00f3 en mayo del a\u00f1o pasado tras\u00a0contenerse su propagaci\u00f3n\u00a0y considerarse que la situaci\u00f3n estaba bajo control.<\/span><\/p>\n<p><span style=\"font-size: 14pt;\">La\u00a0nueva\u00a0variante\u00a0puede contagiarse f\u00e1cilmente con un\u00a0contacto estrecho entre dos individuos, sin que sea necesario un contacto sexual, y est\u00e1 considerada\u00a0m\u00e1s peligrosa que la variante de 2022.<\/span><\/p>\n<\/div>\n<\/article>\n","protected":false},"excerpt":{"rendered":"<p>El\u00a0primer caso fuera de \u00c1frica\u00a0en el actual brote de\u00a0mpox\u00a0(antes conocido como\u00a0viruela del mono) fue detectado este jueves en\u00a0Suecia, inform\u00f3 el<\/p>\n","protected":false},"author":4,"featured_media":37913,"comment_status":"closed","ping_status":"closed","sticky":false,"template":"","format":"standard","meta":{"colormag_page_container_layout":"default_layout","colormag_page_sidebar_layout":"default_layout","_jetpack_memberships_contains_paid_content":false,"footnotes":"","jetpack_publicize_message":"","jetpack_publicize_feature_enabled":true,"jetpack_social_post_already_shared":true,"jetpack_social_options":{"image_generator_settings":{"template":"highway","default_image_id":0,"font":"","enabled":false},"version":2}},"categories":[355],"tags":[],"class_list":["post-37912","post","type-post","status-publish","format-standard","has-post-thumbnail","hentry","category-internacional"],"jetpack_publicize_connections":[],"jetpack_featured_media_url":"https:\/\/noticiasveracruz.com\/wp-content\/uploads\/2024\/08\/Mpox.png","jetpack_sharing_enabled":true,"publishpress_future_action":{"enabled":false,"date":"2026-05-10 11:18:14","action":"change-status","newStatus":"draft","terms":[],"taxonomy":"category","extraData":[]},"publishpress_future_workflow_manual_trigger":{"enabledWorkflows":[]},"_links":{"self":[{"href":"https:\/\/noticiasveracruz.com\/index.php\/wp-json\/wp\/v2\/posts\/37912","targetHints":{"allow":["GET"]}}],"collection":[{"href":"https:\/\/noticiasveracruz.com\/index.php\/wp-json\/wp\/v2\/posts"}],"about":[{"href":"https:\/\/noticiasveracruz.com\/index.php\/wp-json\/wp\/v2\/types\/post"}],"author":[{"embeddable":true,"href":"https:\/\/noticiasveracruz.com\/index.php\/wp-json\/wp\/v2\/users\/4"}],"replies":[{"embeddable":true,"href":"https:\/\/noticiasveracruz.com\/index.php\/wp-json\/wp\/v2\/comments?post=37912"}],"version-history":[{"count":0,"href":"https:\/\/noticiasveracruz.com\/index.php\/wp-json\/wp\/v2\/posts\/37912\/revisions"}],"wp:featuredmedia":[{"embeddable":true,"href":"https:\/\/noticiasveracruz.com\/index.php\/wp-json\/wp\/v2\/media\/37913"}],"wp:attachment":[{"href":"https:\/\/noticiasveracruz.com\/index.php\/wp-json\/wp\/v2\/media?parent=37912"}],"wp:term":[{"taxonomy":"category","embeddable":true,"href":"https:\/\/noticiasveracruz.com\/index.php\/wp-json\/wp\/v2\/categories?post=37912"},{"taxonomy":"post_tag","embeddable":true,"href":"https:\/\/noticiasveracruz.com\/index.php\/wp-json\/wp\/v2\/tags?post=37912"}],"curies":[{"name":"wp","href":"https:\/\/api.w.org\/{rel}","templated":true}]}}