{"id":37906,"date":"2024-08-16T07:42:50","date_gmt":"2024-08-16T12:42:50","guid":{"rendered":"https:\/\/noticiasveracruz.com\/?p=37906"},"modified":"2024-08-16T07:42:50","modified_gmt":"2024-08-16T12:42:50","slug":"corina-machado-rechaza-propuesta-de-nuevas-elecciones-en-venezuela-tras-triunfo-de-maduro","status":"publish","type":"post","link":"https:\/\/noticiasveracruz.com\/index.php\/2024\/08\/16\/corina-machado-rechaza-propuesta-de-nuevas-elecciones-en-venezuela-tras-triunfo-de-maduro\/","title":{"rendered":"Corina Machado rechaza propuesta de nuevas elecciones en Venezuela tras triunfo de Maduro"},"content":{"rendered":"<div>\n<div id=\"content-body-225-12403061\">\n<p><span style=\"font-size: 14pt;\">La l\u00edder de la oposici\u00f3n venezolana,\u00a0Mar\u00eda Corina Machado, rechaz\u00f3 este jueves la propuesta de Brasil de que se celebren\u00a0nuevas elecciones\u00a0o se forme un Gobierno de coalici\u00f3n, e insisti\u00f3 en que\u00a0los resultados que dieron ganador a Nicol\u00e1s Maduro en las presidenciales son fraudulentos.<\/span><\/p>\n<p><span style=\"font-size: 14pt;\">\u00abLas elecciones tuvieron lugar y la sociedad venezolana se expres\u00f3 en condiciones muy adversas, donde\u00a0hubo fraude y aun as\u00ed logramos ganar\u00bb, respondi\u00f3 Machado en una rueda de prensa virtual con medios en Argentina y Chile, entre los que estaba EFE.<\/span><\/p>\n<\/div>\n<\/div>\n<div>\n<div id=\"dfp-nota-1x3s\" data-google-query-id=\"CLOWoJ7E-YcDFaBUCQkd2ds75Q\">\n<div id=\"google_ads_iframe_\/2000002\/la-prensa\/mexico_nota_1x3_0__container__\">\n<div id=\"inArticle_1\">\n<div>\n<div>\n<div>\n<div><span style=\"font-size: 14pt;\">\u00abHay que respetar la voz del pueblo, hay que respetar la soberan\u00eda\u00bb, enfatiz\u00f3 Machado y pregunt\u00f3: \u00ab\u00bfAceptar\u00edan ustedes que se llamara a otra elecci\u00f3n en sus respectivos pa\u00edses?\u00bb.<\/span><\/div>\n<\/div>\n<\/div>\n<\/div>\n<\/div>\n<\/div>\n<\/div>\n<\/div>\n<article>\n<div id=\"content-body-5851641-12403061\">\n<p><span style=\"font-size: 14pt;\">\u00ab\u00bfSi esta es una decisi\u00f3n que se va a tomar en una mesa, para que la hicieron en primer lugar?\u00bb, agreg\u00f3.<\/span><\/p>\n<p><span style=\"font-size: 14pt;\">Machado\u00a0destac\u00f3 adem\u00e1s que \u00ablas elecciones las definen los votos, no los acuerdos de c\u00fapulas\u00bb.<\/span><\/p>\n<p><span style=\"font-size: 14pt;\">Maduro fue proclamado vencedor por el Consejo Nacional Electoral\u00a0(CNE), pero Machado insisti\u00f3 este jueves en \u00abla victoria monumental\u00bb del opositor Edmundo Gonz\u00e1lez Urrutia con 7.3 millones de votos -casi el 84 por ciento de las actas-, contra los 3.3 millones de votos que dijo obtuvo Maduro.<\/span><\/p>\n<p><span style=\"font-size: 14pt;\">El presidente brasile\u00f1o, Luiz In\u00e1cio Lula da Silva, sugiri\u00f3 este jueves dos posibles salidas a la\u00a0crisis postelectoral en Venezuela: la formaci\u00f3n de un Gobierno de coalici\u00f3n que integre miembros del chavismo y de la oposici\u00f3n o la celebraci\u00f3n de nuevos comicios.<\/span><\/p>\n<p><span style=\"font-size: 14pt;\">Esta \u00faltima iniciativa fue apoyada por su par estadounidense, Joe Biden, pero fue rechazada por el Gobierno de M\u00e9xico, mientras que el presidente colombiano, Gustavo Petro, sugiri\u00f3 para Venezuela un \u00abfrente nacional\u00bb como el que hubo en su pa\u00eds en el siglo XX, en el que liberales y conservadores se turnaban el poder como paso \u00abtransitorio\u00bb hacia una \u00absoluci\u00f3n definitiva\u00bb a la crisis.<\/span><\/p>\n<p><span style=\"font-size: 14pt;\">\u00abSe va a una segunda elecci\u00f3n, y si no le gusta las resultados \u00bfse va a una tercera, cuarta, quinta, hasta que le gusten los resultados a Maduro? \u00bfAceptar\u00edan eso en su pa\u00eds?\u00bb, se pregunt\u00f3 Machado.<\/span><\/p>\n<p><span style=\"font-size: 14pt;\">\u00abDesconocer\u00bb las\u00a0elecciones del 28 de junio\u00a0\u00abes una falta de respeto a los venezolanos que han dado todo. La soberan\u00eda popular se respeta. Las elecciones ya ocurrieron\u00bb, afirm\u00f3.<\/span><\/p>\n<p><span style=\"font-size: 14pt;\">Respecto a la idea de un Gobierno de coalici\u00f3n, pidi\u00f3 \u00abtener mucho cuidado\u00bb porque diferenci\u00f3 los ejemplos en otros pa\u00edses donde los partidos tienen \u00abdiferencias de orden pol\u00edtico\u00bb pero \u00abhan sido democr\u00e1ticos o no han sido involucrados en casos criminales\u00bb, de lo que sucede en\u00a0Venezuela.<\/span><\/p>\n<p><span style=\"font-size: 14pt;\">Machado record\u00f3 que su agrupaci\u00f3n ofrece \u00abincentivos y salvaguardas\u00bb a los oficialistas que quieran acercarse a sus filas para lograr una transici\u00f3n democr\u00e1tica de cara a una asunci\u00f3n de Gonz\u00e1lez Urrutia el 10 de enero pr\u00f3ximo, a los que promete que no habr\u00e1 \u00abpersecuci\u00f3n\u00bb ni \u00abvenganza\u00bb.<\/span><\/p>\n<p><span style=\"font-size: 14pt;\">\u00abEstamos dispuestos\u00bb, pero \u00abel r\u00e9gimen se ha negado hasta ahora\u00bb a negociar la transici\u00f3n, se\u00f1al\u00f3.<\/span><\/p>\n<p><span style=\"font-size: 14pt;\">Despu\u00e9s de las\u00a0elecciones en Venezuela, los Gobiernos de Brasil, Colombia y M\u00e9xico iniciaron contactos para encontrar una soluci\u00f3n a la crisis, un esfuerzo de mediaci\u00f3n que cuenta entre otros con el respaldo de Estados Unidos.<\/span><\/p>\n<\/div>\n<\/article>\n","protected":false},"excerpt":{"rendered":"<p>La l\u00edder de la oposici\u00f3n venezolana,\u00a0Mar\u00eda Corina Machado, rechaz\u00f3 este jueves la propuesta de Brasil de que se celebren\u00a0nuevas elecciones\u00a0o<\/p>\n","protected":false},"author":4,"featured_media":37907,"comment_status":"closed","ping_status":"closed","sticky":false,"template":"","format":"standard","meta":{"colormag_page_container_layout":"default_layout","colormag_page_sidebar_layout":"default_layout","_jetpack_memberships_contains_paid_content":false,"footnotes":"","jetpack_publicize_message":"","jetpack_publicize_feature_enabled":true,"jetpack_social_post_already_shared":true,"jetpack_social_options":{"image_generator_settings":{"template":"highway","default_image_id":0,"font":"","enabled":false},"version":2}},"categories":[355],"tags":[],"class_list":["post-37906","post","type-post","status-publish","format-standard","has-post-thumbnail","hentry","category-internacional"],"jetpack_publicize_connections":[],"jetpack_featured_media_url":"https:\/\/noticiasveracruz.com\/wp-content\/uploads\/2024\/08\/Corina-Machado.jpg","jetpack_sharing_enabled":true,"publishpress_future_action":{"enabled":false,"date":"2026-05-10 09:02:54","action":"change-status","newStatus":"draft","terms":[],"taxonomy":"category","extraData":[]},"publishpress_future_workflow_manual_trigger":{"enabledWorkflows":[]},"_links":{"self":[{"href":"https:\/\/noticiasveracruz.com\/index.php\/wp-json\/wp\/v2\/posts\/37906","targetHints":{"allow":["GET"]}}],"collection":[{"href":"https:\/\/noticiasveracruz.com\/index.php\/wp-json\/wp\/v2\/posts"}],"about":[{"href":"https:\/\/noticiasveracruz.com\/index.php\/wp-json\/wp\/v2\/types\/post"}],"author":[{"embeddable":true,"href":"https:\/\/noticiasveracruz.com\/index.php\/wp-json\/wp\/v2\/users\/4"}],"replies":[{"embeddable":true,"href":"https:\/\/noticiasveracruz.com\/index.php\/wp-json\/wp\/v2\/comments?post=37906"}],"version-history":[{"count":0,"href":"https:\/\/noticiasveracruz.com\/index.php\/wp-json\/wp\/v2\/posts\/37906\/revisions"}],"wp:featuredmedia":[{"embeddable":true,"href":"https:\/\/noticiasveracruz.com\/index.php\/wp-json\/wp\/v2\/media\/37907"}],"wp:attachment":[{"href":"https:\/\/noticiasveracruz.com\/index.php\/wp-json\/wp\/v2\/media?parent=37906"}],"wp:term":[{"taxonomy":"category","embeddable":true,"href":"https:\/\/noticiasveracruz.com\/index.php\/wp-json\/wp\/v2\/categories?post=37906"},{"taxonomy":"post_tag","embeddable":true,"href":"https:\/\/noticiasveracruz.com\/index.php\/wp-json\/wp\/v2\/tags?post=37906"}],"curies":[{"name":"wp","href":"https:\/\/api.w.org\/{rel}","templated":true}]}}