{"id":3790,"date":"2022-05-02T00:55:28","date_gmt":"2022-05-02T05:55:28","guid":{"rendered":"https:\/\/noticiasveracruz.com\/?p=3790"},"modified":"2022-05-02T00:53:15","modified_gmt":"2022-05-02T05:53:15","slug":"ine-antidemocratico","status":"publish","type":"post","link":"https:\/\/noticiasveracruz.com\/index.php\/2022\/05\/02\/ine-antidemocratico\/","title":{"rendered":"INE antidemocr\u00e1tico"},"content":{"rendered":"<p>&nbsp;<\/p>\n<p class=\"p1\"><span style=\"font-size: 18pt;\"><b>Por Jos\u00e9 P\u00e1ramo Castro<\/b><\/span><\/p>\n<p class=\"p3\"><span style=\"font-size: 14pt;\">El mayor problema de algunos cr\u00edticos en los medios es que siguen viendo el presente con ojos del pasado, donde estuvieron tan pl\u00e1cidamente instalados. Incluso, algunos se llaman analistas cuando en realidad s\u00f3lo exponen una tabla de comparaciones con los criterios del pasado y el presente.<\/span><\/p>\n<p class=\"p3\"><span style=\"font-size: 14pt;\">Si no son capaces de entender el contexto mundial de la realidad, menos pueden darse cuenta de lo que sucede en su pa\u00eds, en su estado o en su alcald\u00eda. Hablan algunos, por ejemplo, de una alta inflaci\u00f3n por culpa de la actual administraci\u00f3n, cuando en este momento es de las m\u00e1s bajas del mundo, muy por abaja de Brasil, Estados Unidos, Rusia, Espa\u00f1a, etc. <strong>En M\u00e9xico estamos en 7.45, en otras naciones se ubica en dos d\u00edgitos y sus fracciones. Pero hay miop\u00eda, pero sobre todo encono, oposici\u00f3n sistem\u00e1tica que incluye ceguera.<\/strong><\/span><\/p>\n<p class=\"p3\"><strong><span style=\"font-size: 14pt;\">Anunciar una Reforma Electoral desata una serie de comentarios que no tienen cabida en la manera actual de gobernar; sin embargo, lo exponen como si tuvieran la verdad en la mano con una sobrada soberbia digna de mentes m\u00e1s inteligentes.<\/span><\/strong><\/p>\n<p class=\"p3\"><span style=\"font-size: 14pt;\">De inmediato sacar las armas del ba\u00fal del pasado, habla y critican con los mismos conceptos que los hac\u00edan hace tres a\u00f1os durante al campa\u00f1as previa a las elecciones presidenciales, cuando dec\u00eda que el peso y la gasolina iban a dispararse, que \u00edbamos al comunismo, que se violar\u00edan todas las leyes, que la pobreza inundar\u00eda al pa\u00eds y que \u00edbamos a estar peor que en Venezuela, en fin, se anunciaba la actual administraci\u00f3n como un peligro para M\u00e9xico con los mismos conceptos que ahora esgrimen a m\u00e1s de la mitad el sexenio en el que sus pron\u00f3sticos no sucedieron ni suceder\u00e1n.<\/span><\/p>\n<p class=\"p3\"><span style=\"font-size: 14pt;\">Hablaron que habr\u00eda autoritarismo cuando vienen de \u00e9l, que no hay libertad de expresi\u00f3n cuando muchos compa\u00f1eros y amigos fueron callados en el pasado por las buenas o las malas. Dicen que viola la Constituci\u00f3n, pero no se\u00f1alan con art\u00edculos o esquema de esta alteraci\u00f3n.<\/span><\/p>\n<p class=\"p3\"><strong><span style=\"font-size: 14pt;\">Ahora, con el anuncio de la reforma electoral comentan que la autonom\u00eda del INE se alterar\u00eda, cuando en la historia del \u00e1rbitro electoral la autonom\u00eda del instituto nunca hab\u00eda sido tan alterada como ahora, principalmente por Lorenzo C\u00f3rdova Vianello y Ciro Murayama Colunga.<\/span><\/strong><\/p>\n<p class=\"p3\"><span style=\"font-size: 14pt;\">Las entra\u00f1as del INE son profundas y sus atribuciones precisas, de tal manera que para hablar en serio del instituto es necesario tener suficiente informaci\u00f3n como tener esa cualidad.<\/span><\/p>\n<p class=\"p3\"><span style=\"font-size: 14pt;\">Pareciera mentira que cuando se defiende al INE se hace, m\u00e1s que anda para atacar el gobierno federal. pero, para ello es necesario reconocer que el instituto le rob\u00f3 a la oposici\u00f3n su papel en el contrapeso pol\u00edtico, no reconocerlo implicar\u00eda simpleza y frivolidad al tocar el tema.<\/span><\/p>\n<blockquote>\n<p class=\"p3\"><span style=\"font-size: 14pt;\">La estructura del INE es vertical, reaccionaria, conservadora y autoritaria. Basta ver el organigrama, incluso sin los nombres correspondientes a cada cargo, para ver que no es un instituto democr\u00e1tico. Tiene mucha influencia de las leyes electorales de Venezuela, aunque a algunos defensores a ultranza del INE les parezca extra\u00f1o.<\/span><\/p>\n<\/blockquote>\n<p class=\"p3\"><span style=\"font-size: 14pt;\">En cuanto a la situaci\u00f3n laboral del instituto hay en su interior muchas quejas, la prohibici\u00f3n expresa y p\u00fablica de crear un sindicato de trabajadores del instituto sigue siendo una orden tajante de los consejeros electorales que se dicen amantes de la democracia y la legalidad.<\/span><\/p>\n<p class=\"p3\"><span style=\"font-size: 14pt;\">Durante el periodo de Luis Carlos Ugalde, la efervescencia de la inconformidad es de los empleados contribuy\u00f3 a filtrar informaci\u00f3n sobre el fraude electoral del que fueron c\u00f3mplices los consejeros electorales principalmente el presidente consejero. De ah\u00ed que se haya conocido el tejido fino de esta violaci\u00f3n, que contraviene y traiciona la democracia.<\/span><\/p>\n<p class=\"p3\"><strong><span style=\"font-size: 14pt;\">Es precisamente Luis Carlos Ugalde uno de los defensores de la actual estructura del INE, pero la gente no conforme con defender ciegamente un instituto, cuya legalidad interna y externa deja mucho que desear, va m\u00e1s all\u00e1 y aprovecha para reiterar algo que nada tiene que ver con la reforma electoral y llega al paroxismo, inspirado en la ide\u00f3loga Lilly T\u00e9llez, de hablar acerca de las intenciones le presidente de reelegirse o de perpetuar alguna delas instancias que conforman la 4T en el poder.<\/span><\/strong><\/p>\n<p class=\"p3\"><span style=\"font-size: 14pt;\">Ahora la organizaci\u00f3n de los trabajadores del INE ha madurado y se ha fortalecido a pesar de mantener actividades en la clandestinidad, a grado tal que si son descubiertos son despedidos sin indemnizaci\u00f3n.<\/span><\/p>\n<p class=\"p3\"><span style=\"font-size: 14pt;\">Una cosa es la necesaria reforma electoral, y otra la inconformidad con la actual administraci\u00f3n. As\u00ed, se confundieron con la reforma el\u00e9ctrica y con la pasi\u00f3n que obnubila las decisiones se fueron con la finta y no advirtieron que ahora, con la orden de la Suprema Corte de Justicia de la naci\u00f3n, la CFE puede adjudicarse hasta el 90 por ciento de la distribuci\u00f3n de energ\u00eda.<\/span><\/p>\n<p class=\"p3\"><span style=\"font-size: 14pt;\">Los legisladores dela oposici\u00f3n pocas veces leen con detenimiento las iniciativas que debaten, no se requiere leer cuando siempre se est\u00e1 en contra y eso suele suceder tambi\u00e9n con algunos comentaristas de la pol\u00edtica actual.<\/span><\/p>\n<p>&nbsp;<\/p>\n<p>&nbsp;<\/p>\n<p>&nbsp;<\/p>\n","protected":false},"excerpt":{"rendered":"<p>&nbsp; Por Jos\u00e9 P\u00e1ramo Castro El mayor problema de algunos cr\u00edticos en los medios es que siguen viendo el presente<\/p>\n","protected":false},"author":4,"featured_media":3569,"comment_status":"closed","ping_status":"closed","sticky":false,"template":"","format":"standard","meta":{"colormag_page_container_layout":"default_layout","colormag_page_sidebar_layout":"default_layout","_jetpack_memberships_contains_paid_content":false,"footnotes":"","jetpack_publicize_message":"","jetpack_publicize_feature_enabled":true,"jetpack_social_post_already_shared":false,"jetpack_social_options":{"image_generator_settings":{"template":"highway","default_image_id":0,"font":"","enabled":false},"version":2}},"categories":[6],"tags":[66,541,31,518],"class_list":["post-3790","post","type-post","status-publish","format-standard","has-post-thumbnail","hentry","category-columnistas","tag-ine","tag-lorenzo-cordova","tag-mexico","tag-reforma-electoral"],"jetpack_publicize_connections":[],"jetpack_featured_media_url":"https:\/\/noticiasveracruz.com\/wp-content\/uploads\/2022\/04\/NV-JOSE\u0301-PA\u0301RAMO.png","jetpack_sharing_enabled":true,"publishpress_future_action":{"enabled":false,"date":"2026-05-03 14:55:39","action":"change-status","newStatus":"draft","terms":[],"taxonomy":"category","extraData":[]},"publishpress_future_workflow_manual_trigger":{"enabledWorkflows":[]},"_links":{"self":[{"href":"https:\/\/noticiasveracruz.com\/index.php\/wp-json\/wp\/v2\/posts\/3790","targetHints":{"allow":["GET"]}}],"collection":[{"href":"https:\/\/noticiasveracruz.com\/index.php\/wp-json\/wp\/v2\/posts"}],"about":[{"href":"https:\/\/noticiasveracruz.com\/index.php\/wp-json\/wp\/v2\/types\/post"}],"author":[{"embeddable":true,"href":"https:\/\/noticiasveracruz.com\/index.php\/wp-json\/wp\/v2\/users\/4"}],"replies":[{"embeddable":true,"href":"https:\/\/noticiasveracruz.com\/index.php\/wp-json\/wp\/v2\/comments?post=3790"}],"version-history":[{"count":0,"href":"https:\/\/noticiasveracruz.com\/index.php\/wp-json\/wp\/v2\/posts\/3790\/revisions"}],"wp:featuredmedia":[{"embeddable":true,"href":"https:\/\/noticiasveracruz.com\/index.php\/wp-json\/wp\/v2\/media\/3569"}],"wp:attachment":[{"href":"https:\/\/noticiasveracruz.com\/index.php\/wp-json\/wp\/v2\/media?parent=3790"}],"wp:term":[{"taxonomy":"category","embeddable":true,"href":"https:\/\/noticiasveracruz.com\/index.php\/wp-json\/wp\/v2\/categories?post=3790"},{"taxonomy":"post_tag","embeddable":true,"href":"https:\/\/noticiasveracruz.com\/index.php\/wp-json\/wp\/v2\/tags?post=3790"}],"curies":[{"name":"wp","href":"https:\/\/api.w.org\/{rel}","templated":true}]}}