{"id":37898,"date":"2024-08-15T09:11:43","date_gmt":"2024-08-15T14:11:43","guid":{"rendered":"https:\/\/noticiasveracruz.com\/?p=37898"},"modified":"2024-08-15T09:11:43","modified_gmt":"2024-08-15T14:11:43","slug":"tras-privacion-de-la-libertad-de-comerciante-en-boca-del-rio-hay-operativo-permanente-ssp","status":"publish","type":"post","link":"https:\/\/noticiasveracruz.com\/index.php\/2024\/08\/15\/tras-privacion-de-la-libertad-de-comerciante-en-boca-del-rio-hay-operativo-permanente-ssp\/","title":{"rendered":"Tras privaci\u00f3n de la libertad de comerciante en Boca del R\u00edo, hay operativo permanente: SSP"},"content":{"rendered":"<p><span style=\"font-size: 14pt;\">Al participar en la Conferencia de Seguridad P\u00fablica Municipal, al secretario de Seguridad P\u00fablica de Veracruz, Cuauht\u00e9moc Z\u00fa\u00f1iga Bonilla, asegur\u00f3 que delitos como el secuestro y el homicidio van a la baja en la entidad.<\/span><\/p>\n<p><span style=\"font-size: 14pt;\">Al ser cuestionado si habr\u00e1 reforzamiento en la conurbaci\u00f3n tras el secuestro de un comerciante la tarde del martes en Boca del R\u00edo, Z\u00fa\u00f1iga Bonilla respondi\u00f3 que existe un operativo permanente.<\/span><\/p>\n<p><span style=\"font-size: 14pt;\">\u201cTenemos un operativo permanente en todos los municipios,\u00a0nuestro despliegue contempla los 212 municipios,\u00a0en el caso particular de Veracruz y zona conurbada, estamos de manera coordinada con Sedena, Marina, Polic\u00eda Naval, implementando acciones de reforzamiento\u201d.<\/span><\/p>\n<p><span style=\"font-size: 14pt;\">Pese a que reconoci\u00f3 el secuestro que se registr\u00f3 en Plaza Mocambo de Boca del R\u00edo, indic\u00f3 que el este delito va a la baja.<\/span><\/p>\n<p><span style=\"font-size: 14pt;\">\u201cNo hemos tendido de acuerdo a los datos que da la Fiscal\u00eda, hubo un evento el d\u00eda de ayer donde se activ\u00f3 el c\u00f3digo rojo y que ya est\u00e1 investigando la propia Fiscal\u00eda\u201d.<\/span><\/p>\n<p><span style=\"font-size: 14pt;\">Z\u00fa\u00f1iga Bonilla, asegur\u00f3 que bajo la estrategia de atender las causas que originan la violencia en inseguridad, han bajado delitos.<\/span><\/p>\n<p><span style=\"font-size: 14pt;\">\u201cHemos reducido el homicidio en m\u00e1s del 60 por ciento, el secuestro en m\u00e1s del 90 por ciento y acciones que tienen que ver con la coordinaci\u00f3n que se ha tenido con las fuerzas federales\u201d.<\/span><\/p>\n<p><span style=\"font-size: 14pt;\">A nivel nacional, subray\u00f3 que se han reducido los principales delitos que m\u00e1s aquejan a la sociedad, como el homicidio, el feminicidio, as\u00ed como el robo de veh\u00edculos.<\/span><\/p>\n<p><span style=\"font-size: 14pt;\">En la Conferencia de Seguridad P\u00fablica Municipal, participaron dos alcaldes de cada estado de la rep\u00fablica, el gobernador de Veracruz Cuitl\u00e1huac Garc\u00eda Jim\u00e9nez, el titular de la Secretar\u00eda de Seguridad P\u00fablica de la entidad, Cuauht\u00e9moc Z\u00fa\u00f1iga Bonilla, la fiscal General del Estado, Ver\u00f3nica Hern\u00e1ndez Gi\u00e1dans.<\/span><\/p>\n","protected":false},"excerpt":{"rendered":"<p>Al participar en la Conferencia de Seguridad P\u00fablica Municipal, al secretario de Seguridad P\u00fablica de Veracruz, Cuauht\u00e9moc Z\u00fa\u00f1iga Bonilla, asegur\u00f3<\/p>\n","protected":false},"author":4,"featured_media":37899,"comment_status":"closed","ping_status":"closed","sticky":false,"template":"","format":"standard","meta":{"colormag_page_container_layout":"default_layout","colormag_page_sidebar_layout":"default_layout","_jetpack_memberships_contains_paid_content":false,"footnotes":"","jetpack_publicize_message":"","jetpack_publicize_feature_enabled":true,"jetpack_social_post_already_shared":true,"jetpack_social_options":{"image_generator_settings":{"template":"highway","default_image_id":0,"font":"","enabled":false},"version":2}},"categories":[356],"tags":[],"class_list":["post-37898","post","type-post","status-publish","format-standard","has-post-thumbnail","hentry","category-veracruz"],"jetpack_publicize_connections":[],"jetpack_featured_media_url":"https:\/\/noticiasveracruz.com\/wp-content\/uploads\/2024\/08\/images-5.jpg","jetpack_sharing_enabled":true,"publishpress_future_action":{"enabled":false,"date":"2026-05-10 09:02:55","action":"change-status","newStatus":"draft","terms":[],"taxonomy":"category","extraData":[]},"publishpress_future_workflow_manual_trigger":{"enabledWorkflows":[]},"_links":{"self":[{"href":"https:\/\/noticiasveracruz.com\/index.php\/wp-json\/wp\/v2\/posts\/37898","targetHints":{"allow":["GET"]}}],"collection":[{"href":"https:\/\/noticiasveracruz.com\/index.php\/wp-json\/wp\/v2\/posts"}],"about":[{"href":"https:\/\/noticiasveracruz.com\/index.php\/wp-json\/wp\/v2\/types\/post"}],"author":[{"embeddable":true,"href":"https:\/\/noticiasveracruz.com\/index.php\/wp-json\/wp\/v2\/users\/4"}],"replies":[{"embeddable":true,"href":"https:\/\/noticiasveracruz.com\/index.php\/wp-json\/wp\/v2\/comments?post=37898"}],"version-history":[{"count":0,"href":"https:\/\/noticiasveracruz.com\/index.php\/wp-json\/wp\/v2\/posts\/37898\/revisions"}],"wp:featuredmedia":[{"embeddable":true,"href":"https:\/\/noticiasveracruz.com\/index.php\/wp-json\/wp\/v2\/media\/37899"}],"wp:attachment":[{"href":"https:\/\/noticiasveracruz.com\/index.php\/wp-json\/wp\/v2\/media?parent=37898"}],"wp:term":[{"taxonomy":"category","embeddable":true,"href":"https:\/\/noticiasveracruz.com\/index.php\/wp-json\/wp\/v2\/categories?post=37898"},{"taxonomy":"post_tag","embeddable":true,"href":"https:\/\/noticiasveracruz.com\/index.php\/wp-json\/wp\/v2\/tags?post=37898"}],"curies":[{"name":"wp","href":"https:\/\/api.w.org\/{rel}","templated":true}]}}