{"id":37895,"date":"2024-08-15T09:09:59","date_gmt":"2024-08-15T14:09:59","guid":{"rendered":"https:\/\/noticiasveracruz.com\/?p=37895"},"modified":"2024-08-15T09:09:59","modified_gmt":"2024-08-15T14:09:59","slug":"alcaldes-de-todo-el-pais-se-reunen-en-boca-del-rio","status":"publish","type":"post","link":"https:\/\/noticiasveracruz.com\/index.php\/2024\/08\/15\/alcaldes-de-todo-el-pais-se-reunen-en-boca-del-rio\/","title":{"rendered":"Alcaldes de todo el pa\u00eds se re\u00fanen en Boca del R\u00edo"},"content":{"rendered":"<p><span style=\"font-size: 14pt;\">Se llev\u00f3 a cabo la primera sesi\u00f3n plenaria ordinaria de la Conferencia Nacional de Seguridad P\u00fablica Municipal en el World Trade Center con la participaci\u00f3n de 62 alcaldes de la rep\u00fablica mexicana.\u00a0<\/span><\/p>\n<p><span style=\"font-size: 14pt;\">Cirilo Garc\u00eda Luna, director general de Coordinaci\u00f3n Operativa del Secretariado Ejecutivo del Sistema Nacional de Seguridad P\u00fablica, coment\u00f3 que en materia de seguridad municipal, el reto de los alcaldes es el reclutamiento de polic\u00edas, debido a la movilidad de los elementos.<\/span><\/p>\n<p><span style=\"font-size: 14pt;\">\u201cLos temas principales de cuerpos de seguridad est\u00e1n relacionados con la capacitaci\u00f3n, con la certificaci\u00f3n, con el reclutamiento, a nivel municipal tenemos un reto a nivel de reclutamiento de nuevos polic\u00edas; hay mucha movilidad\u201d.<\/span><\/p>\n<p><span style=\"font-size: 14pt;\">Adem\u00e1s, subray\u00f3 que a los alcaldes les preocupa el apoyo que puedan recibir de los polic\u00edas estatales y federales.<\/span><\/p>\n<p><span style=\"font-size: 14pt;\">Abund\u00f3 que la Polic\u00eda Estatal y la Municipal atienden delitos de alto impacto como robos, violencia familiar o violencia intravecinal, pero en delitos de mayor impacto, o de fuero federal se requiere el apoyo de elementos de estatales y federales.<\/span><\/p>\n<p><span style=\"font-size: 14pt;\">En el evento estuvo el gobernador de Veracruz Cuitl\u00e1huac Garc\u00eda Jim\u00e9nez, el titular de la Secretar\u00eda de Seguridad P\u00fablica de la entidad, Cuauht\u00e9moc Z\u00fa\u00f1iga Bonilla, la fiscal General del Estado, Ver\u00f3nica Hern\u00e1ndez Gi\u00e1dans, as\u00ed como el secretario de gobierno del estado de Veracruz Carlos Alberto Ju\u00e1rez Gil.<\/span><\/p>\n<p><span style=\"font-size: 14pt;\">La titular de la Secretar\u00eda de Seguridad y Protecci\u00f3n Ciudadana, Rosa Isela Rodr\u00edguez, se comunic\u00f3 con la conferencia de alcaldes a trav\u00e9s de un video proyectado en el evento.<\/span><\/p>\n<p><span style=\"font-size: 14pt;\">La reuni\u00f3n se realiz\u00f3 en los salones Ul\u00faa 1 y 2 del World Trade Center en la que se reunieron m\u00e1s de 40 alcaldes de toda la rep\u00fablica para tratar temas en materia de seguridad.\u00a0<\/span><\/p>\n<p><span style=\"font-size: 14pt;\">Tambi\u00e9n estuvo el alcalde de Tuxpan, Jos\u00e9 Manuel Pozos Castro, presidente de la Conferencia Nacional de Seguridad P\u00fablica Municipal.<\/span><\/p>\n<p><span style=\"font-size: 14pt;\">Respecto a los polic\u00edas en los municipios, admiti\u00f3 que faltan elementos en los municipios debido a la movilidad de los uniformados.<\/span><\/p>\n","protected":false},"excerpt":{"rendered":"<p>Se llev\u00f3 a cabo la primera sesi\u00f3n plenaria ordinaria de la Conferencia Nacional de Seguridad P\u00fablica Municipal en el World<\/p>\n","protected":false},"author":4,"featured_media":37896,"comment_status":"closed","ping_status":"closed","sticky":false,"template":"","format":"standard","meta":{"colormag_page_container_layout":"default_layout","colormag_page_sidebar_layout":"default_layout","_jetpack_memberships_contains_paid_content":false,"footnotes":"","jetpack_publicize_message":"","jetpack_publicize_feature_enabled":true,"jetpack_social_post_already_shared":true,"jetpack_social_options":{"image_generator_settings":{"template":"highway","default_image_id":0,"font":"","enabled":false},"version":2}},"categories":[356],"tags":[],"class_list":["post-37895","post","type-post","status-publish","format-standard","has-post-thumbnail","hentry","category-veracruz"],"jetpack_publicize_connections":[],"jetpack_featured_media_url":"https:\/\/noticiasveracruz.com\/wp-content\/uploads\/2024\/08\/whatsapp-image-2024-08-14-at-4.13.41-pm-focus-0-0-495-370.jpg","jetpack_sharing_enabled":true,"publishpress_future_action":{"enabled":false,"date":"2026-05-10 10:06:28","action":"change-status","newStatus":"draft","terms":[],"taxonomy":"category","extraData":[]},"publishpress_future_workflow_manual_trigger":{"enabledWorkflows":[]},"_links":{"self":[{"href":"https:\/\/noticiasveracruz.com\/index.php\/wp-json\/wp\/v2\/posts\/37895","targetHints":{"allow":["GET"]}}],"collection":[{"href":"https:\/\/noticiasveracruz.com\/index.php\/wp-json\/wp\/v2\/posts"}],"about":[{"href":"https:\/\/noticiasveracruz.com\/index.php\/wp-json\/wp\/v2\/types\/post"}],"author":[{"embeddable":true,"href":"https:\/\/noticiasveracruz.com\/index.php\/wp-json\/wp\/v2\/users\/4"}],"replies":[{"embeddable":true,"href":"https:\/\/noticiasveracruz.com\/index.php\/wp-json\/wp\/v2\/comments?post=37895"}],"version-history":[{"count":0,"href":"https:\/\/noticiasveracruz.com\/index.php\/wp-json\/wp\/v2\/posts\/37895\/revisions"}],"wp:featuredmedia":[{"embeddable":true,"href":"https:\/\/noticiasveracruz.com\/index.php\/wp-json\/wp\/v2\/media\/37896"}],"wp:attachment":[{"href":"https:\/\/noticiasveracruz.com\/index.php\/wp-json\/wp\/v2\/media?parent=37895"}],"wp:term":[{"taxonomy":"category","embeddable":true,"href":"https:\/\/noticiasveracruz.com\/index.php\/wp-json\/wp\/v2\/categories?post=37895"},{"taxonomy":"post_tag","embeddable":true,"href":"https:\/\/noticiasveracruz.com\/index.php\/wp-json\/wp\/v2\/tags?post=37895"}],"curies":[{"name":"wp","href":"https:\/\/api.w.org\/{rel}","templated":true}]}}