{"id":37892,"date":"2024-08-15T09:07:29","date_gmt":"2024-08-15T14:07:29","guid":{"rendered":"https:\/\/noticiasveracruz.com\/?p=37892"},"modified":"2024-08-15T09:07:29","modified_gmt":"2024-08-15T14:07:29","slug":"se-triplican-en-veracruz-las-denuncias-por-violencia-familiar","status":"publish","type":"post","link":"https:\/\/noticiasveracruz.com\/index.php\/2024\/08\/15\/se-triplican-en-veracruz-las-denuncias-por-violencia-familiar\/","title":{"rendered":"Se triplican en Veracruz las denuncias por violencia familiar"},"content":{"rendered":"<p><span style=\"font-size: 14pt;\">Desde el 2015 el delito de violencia familiar en el estado de Veracruz se ha incrementado hasta tres veces al pasar de 3 mil 572 denuncias a casi 12 mil en el 2023, seg\u00fan cifras del Secretariado Ejecutivo del Sistema Nacional de Seguridad P\u00fablica (SESNSP).<\/span><\/p>\n<p><span style=\"font-size: 14pt;\">Tan solo en lo que va de enero a junio de este a\u00f1o ya suman 5 mil 817 denuncias por este delito, por lo que es posible que este a\u00f1o se reporten m\u00e1s que el pasado, lo que convertir\u00eda al 2024 en el m\u00e1s violento para las familias en los \u00faltimos 9 a\u00f1os.<\/span><\/p>\n<p><span style=\"font-size: 14pt;\">Seg\u00fan las cifras, los delitos contra la familia se triplicaron en ese mismo periodo al pasar de 5 mil 968 denuncias en 2015 a 15 mil 830. Sobre el tema, el 1 de agosto fue publicada en la Gaceta Oficial del Estado de Veracruz la Ley de Prevenci\u00f3n, Atenci\u00f3n y Asistencia a la Violencia Familiar en el Estado de Veracruz, con la intenci\u00f3n de ser una herramienta que reconoce a todos los tipos de familias para proteger a todos sus integrantes de posibles hechos de violencia al interior de las mismas.<\/span><\/p>\n<p><span style=\"font-size: 14pt;\">La directora del Sistema Estatal para el Desarrollo Integral de la Familia (DIF), Rebeca Quintanar Barcel\u00f3, afirm\u00f3 que adem\u00e1s se cre\u00f3 el Consejo Estatal para la Prevenci\u00f3n, Atenci\u00f3n y Asistencia de la Violencia Familiar.<\/span><\/p>\n<p><span style=\"font-size: 14pt;\">\u00bfQu\u00e9 dice esta nueva ley?<\/span><\/p>\n<p><span style=\"font-size: 14pt;\">Obliga a las autoridades de todos los poderes del Estado, para que en sus respectivas esferas protejan a las personas receptoras de violencia, para prevenir, atender y asistirlos.<\/span><\/p>\n<p><span style=\"font-size: 14pt;\">Adem\u00e1s, las autoridades podr\u00e1n en el \u00e1mbito de su competencia, decretar de manera fundada y motivada las medidas de protecci\u00f3n urgentes.<\/span><\/p>\n<p><span style=\"font-size: 14pt;\">Se crea el Consejo Estatal para la Prevenci\u00f3n, Atenci\u00f3n y Asistencia de la Violencia Familiar como el \u00f3rgano rector de la implementaci\u00f3n de la presente Ley, as\u00ed como de coordinaci\u00f3n y apoyo del Poder Ejecutivo del Estado, cuyo objetivo ser\u00e1 la prevenci\u00f3n de la violencia familiar, as\u00ed como la protecci\u00f3n, atenci\u00f3n y asistencia de las personas receptoras de la violencia familiar a trav\u00e9s de las instituciones que lo integran.<\/span><\/p>\n<p><span style=\"font-size: 14pt;\">Estar\u00e1 integrado por las personas titulares del Poder Ejecutivo, que lo preside; la Secretar\u00eda de Gobierno, que fungir\u00e1 en la vicepresidencia; el DIF estatal como Secretar\u00eda T\u00e9cnica; la Secretar\u00eda de Seguridad P\u00fablica, y otras dependencias como la de Educaci\u00f3n, Desarrollo Social, Salud Trabajo, as\u00ed como la Fiscal\u00eda General del Estado, el Instituto Veracruzano de las Mujeres, la Procuradur\u00eda Estatal de Protecci\u00f3n de Ni\u00f1as, Ni\u00f1os y Adolescentes, entre otras.<\/span><\/p>\n<p><span style=\"font-size: 14pt;\">El Consejo estatal deber\u00e1 elaborar y expedir el Programa para la Prevenci\u00f3n, Atenci\u00f3n y Asistencia de Violencia Familiar en el Estado de Veracruz; conformar y supervisar el Sistema de Alerta Temprana y sus protocolos de actuaci\u00f3n; coordinar y vincular la recopilaci\u00f3n de informaci\u00f3n y diagn\u00f3sticos estad\u00edsticos entre las instituciones que lo integran e instituciones que generan dicha informaci\u00f3n.<\/span><\/p>\n<p><span style=\"font-size: 14pt;\">Tambi\u00e9n establecer las bases para la creaci\u00f3n de una plataforma para el registro de la informaci\u00f3n estad\u00edstica que alimente el Sistema de Alerta Temprana; elaborar y aprobar el Reglamento del Consejo Estatal; evaluar trimestralmente los logros y avances del Programa y del Sistema de Alerta Temprana, entre otros.<\/span><\/p>\n<p><span style=\"font-size: 14pt;\">La ley se\u00f1ala que el Consejo Estatal operar\u00e1 un Sistema de Alerta Temprana de Violencia Familiar, como mecanismo interinstitucional de coordinaci\u00f3n dirigido a identificar y atender casos y personas en riesgo por violencia familiar.<\/span><\/p>\n<p><span style=\"font-size: 14pt;\">La atenci\u00f3n especializada que se proporcione en materia de violencia familiar por las Procuradur\u00edas Municipales de Protecci\u00f3n de Ni\u00f1as, Ni\u00f1os y Adolescentes, Institutos Municipales de las Mujeres o por cualquier instituci\u00f3n de la administraci\u00f3n p\u00fablica estatal o municipal, tendr\u00e1 por objeto la protecci\u00f3n de la integridad f\u00edsica y mental de la persona receptora de la violencia familiar, respetando la dignidad y las diferentes opiniones de las partes involucradas.<\/span><\/p>\n<p><span style=\"font-size: 14pt;\">La atenci\u00f3n a las personas generadoras de violencia familiar, se basar\u00e1 en modelos de orientaci\u00f3n y atenci\u00f3n, tendientes a disminuir y, en su caso, erradicar las conductas violentas que hayan sido empleadas y evaluadas con anterioridad a su aplicaci\u00f3n. Dicha atenci\u00f3n corresponder\u00e1 a Secretar\u00eda de Salud del Estado.<\/span><\/p>\n<p><span style=\"font-size: 14pt;\">Cabe destacar que los procesos y procedimientos en materia de violencia familiar ser\u00e1n clasificados como reservados y confidenciales, teniendo acceso a ellos las personas receptoras de violencia familiar, as\u00ed como sus representantes legales.<\/span><\/p>\n<p><span style=\"font-size: 14pt;\">Est\u00e1n obligados a informar, de manera inmediata, desde que tienen conocimiento de la existencia de una situaci\u00f3n de violencia familiar, las siguientes personas o instituciones:<\/span><\/p>\n<p><span style=\"font-size: 14pt;\">Las personas servidoras p\u00fablicas que tuvieron conocimiento o sospecha de la existencia de una situaci\u00f3n de violencia familiar; el personal de las instituciones de salud y educativas; as\u00ed como las dedicadas a labores de direcci\u00f3n, en instituciones o centros de atenci\u00f3n y cuidado de ni\u00f1as, ni\u00f1os y adolescentes, mujeres, personas con discapacidad y de personas mayores; personal de la Fiscal\u00eda General del Estado y los integrantes de las Instituciones Policiales del Estado o Municipal; y en general, cualquier persona que tuviera conocimiento o sospecha de un caso de violencia familiar.<\/span><\/p>\n<p><span style=\"font-size: 14pt;\">Para tal efecto, se implementar\u00e1 un buz\u00f3n de denuncia que podr\u00e1 ser an\u00f3nima y estar\u00e1 instalado en los lugares de acceso p\u00fablico y a cargo de las oficinas de los Sistemas Municipales para el Desarrollo Integral de la Familia y los Institutos Municipales de las Mujeres, as\u00ed como en centros de salud.<\/span><\/p>\n<p><span style=\"font-size: 14pt;\">Las medidas de protecci\u00f3n y seguridad, podr\u00e1n ser rescatar a la persona receptora de la violencia cuando sea urgente y est\u00e9 comprobado que existe violencia; Depositar a la persona receptora de la violencia en un sitio seguro; promover la prohibici\u00f3n del acceso de la persona generadora de la violencia al domicilio de la persona afectada, as\u00ed como a los lugares donde trabaja o estudia.<\/span><\/p>\n<p><span style=\"font-size: 14pt;\">Promover la restituci\u00f3n al domicilio a petici\u00f3n de quien debi\u00f3 salir del mismo por razones de seguridad personal; y promover la exclusi\u00f3n de la persona generadora de la violencia, de la vivienda donde habita el grupo familiar.<\/span><\/p>\n<p><span style=\"font-size: 14pt;\">En estos casos deber\u00e1 establecerse la duraci\u00f3n de la medida de protecci\u00f3n y seguridad de manera fundada y motivada, en vista a la determinaci\u00f3n definitiva que habr\u00e1 de adoptar.<\/span><\/p>\n","protected":false},"excerpt":{"rendered":"<p>Desde el 2015 el delito de violencia familiar en el estado de Veracruz se ha incrementado hasta tres veces al<\/p>\n","protected":false},"author":4,"featured_media":37893,"comment_status":"closed","ping_status":"closed","sticky":false,"template":"","format":"standard","meta":{"colormag_page_container_layout":"default_layout","colormag_page_sidebar_layout":"default_layout","_jetpack_memberships_contains_paid_content":false,"footnotes":"","jetpack_publicize_message":"","jetpack_publicize_feature_enabled":true,"jetpack_social_post_already_shared":true,"jetpack_social_options":{"image_generator_settings":{"template":"highway","default_image_id":0,"font":"","enabled":false},"version":2}},"categories":[356],"tags":[],"class_list":["post-37892","post","type-post","status-publish","format-standard","has-post-thumbnail","hentry","category-veracruz"],"jetpack_publicize_connections":[],"jetpack_featured_media_url":"https:\/\/noticiasveracruz.com\/wp-content\/uploads\/2024\/08\/VIOLENCIA-FAMILIAR-EN-TABASCO-e1678429348783-1000x600-1.jpg","jetpack_sharing_enabled":true,"publishpress_future_action":{"enabled":false,"date":"2026-05-10 11:17:24","action":"change-status","newStatus":"draft","terms":[],"taxonomy":"category","extraData":[]},"publishpress_future_workflow_manual_trigger":{"enabledWorkflows":[]},"_links":{"self":[{"href":"https:\/\/noticiasveracruz.com\/index.php\/wp-json\/wp\/v2\/posts\/37892","targetHints":{"allow":["GET"]}}],"collection":[{"href":"https:\/\/noticiasveracruz.com\/index.php\/wp-json\/wp\/v2\/posts"}],"about":[{"href":"https:\/\/noticiasveracruz.com\/index.php\/wp-json\/wp\/v2\/types\/post"}],"author":[{"embeddable":true,"href":"https:\/\/noticiasveracruz.com\/index.php\/wp-json\/wp\/v2\/users\/4"}],"replies":[{"embeddable":true,"href":"https:\/\/noticiasveracruz.com\/index.php\/wp-json\/wp\/v2\/comments?post=37892"}],"version-history":[{"count":0,"href":"https:\/\/noticiasveracruz.com\/index.php\/wp-json\/wp\/v2\/posts\/37892\/revisions"}],"wp:featuredmedia":[{"embeddable":true,"href":"https:\/\/noticiasveracruz.com\/index.php\/wp-json\/wp\/v2\/media\/37893"}],"wp:attachment":[{"href":"https:\/\/noticiasveracruz.com\/index.php\/wp-json\/wp\/v2\/media?parent=37892"}],"wp:term":[{"taxonomy":"category","embeddable":true,"href":"https:\/\/noticiasveracruz.com\/index.php\/wp-json\/wp\/v2\/categories?post=37892"},{"taxonomy":"post_tag","embeddable":true,"href":"https:\/\/noticiasveracruz.com\/index.php\/wp-json\/wp\/v2\/tags?post=37892"}],"curies":[{"name":"wp","href":"https:\/\/api.w.org\/{rel}","templated":true}]}}