{"id":3788,"date":"2022-05-02T00:30:30","date_gmt":"2022-05-02T05:30:30","guid":{"rendered":"https:\/\/noticiasveracruz.com\/?p=3788"},"modified":"2022-05-02T00:49:20","modified_gmt":"2022-05-02T05:49:20","slug":"el-largo-plan-de-amlo-para-la-presidencia-unipersonal","status":"publish","type":"post","link":"https:\/\/noticiasveracruz.com\/index.php\/2022\/05\/02\/el-largo-plan-de-amlo-para-la-presidencia-unipersonal\/","title":{"rendered":"El largo plan de AMLO para la Presidencia unipersonal"},"content":{"rendered":"<p>&nbsp;<\/p>\n<p class=\"p1\"><span style=\"font-size: 18pt;\"><b>Por Jos\u00e9 Ure\u00f1a <\/b><\/span><\/p>\n<p class=\"p1\"><span style=\"font-size: 14pt;\">El presente comenz\u00f3 hace varios lustros.<\/span><\/p>\n<p class=\"p1\"><span style=\"font-size: 14pt;\">Casi cuatro, seg\u00fan recuerdan testigos de aquella historia.<\/span><\/p>\n<p class=\"p1\"><span style=\"font-size: 14pt;\">A fines de 2002 los perredistas comenzaron a preparar a sus candidatos para las elecciones intermedias de\u00a0Vicente Fox Quesada.<\/span><\/p>\n<p class=\"p1\"><span style=\"font-size: 14pt;\">Tiempos en los cuales, narran los mismos confidentes, el entonces jefe de Gobierno del Distrito Federal (GDF) ten\u00eda un amigo incondicional en Los Pinos.<\/span><\/p>\n<p class=\"p1\"><span style=\"font-size: 14pt;\">Era el sonorense\u00a0Alfonso Durazo,\u00a0secretario particular de\u00a0Fox Quesada, quien era el encargado de la relaci\u00f3n entre los dos gobiernos, el federal y el capitalino.<\/span><\/p>\n<p class=\"p1\"><span style=\"font-size: 14pt;\">\u00danico contacto de alto nivel porque, fue p\u00fablico y constante,\u00a0L\u00f3pez Obrador\u00a0no quer\u00eda ninguna relaci\u00f3n con el Presidente de la Rep\u00fablica.<\/span><\/p>\n<p class=\"p1\"><span style=\"font-size: 14pt;\">Por eso no lo invitaba a ning\u00fan acto y, arrinconado en la avalancha medi\u00e1tica del tabasque\u00f1o,\u00a0Fox Quesada\u00a0se refugiaba en giras por el pa\u00eds para no toparse con su adversario perredista.<\/span><\/p>\n<p>&nbsp;<\/p>\n<p class=\"p1\"><span style=\"font-size: 14pt;\"><b>A HACER LO QUE SE QUIERA<\/b><\/span><\/p>\n<p class=\"p1\"><span style=\"font-size: 14pt;\">Y los perredistas son los actores de esta historia.<\/span><\/p>\n<p class=\"p1\"><span style=\"font-size: 14pt;\">Al frente del Partido de la Revoluci\u00f3n Democr\u00e1tica (PRD) estaba\u00a0Rosario Robles, quien prometi\u00f3 conquistar al menos 100 diputaciones federales en 2003\u2026 o se ir\u00eda.<\/span><\/p>\n<p class=\"p1\"><span style=\"font-size: 14pt;\">Se defin\u00edan las postulaciones y aquella c\u00fapula amarilla, con\u00a0Robles\u00a0al frente pero tambi\u00e9n con\u00a0Los Chuchos\u00a0dominantes en los \u00f3rganos internos, se repart\u00edan las candidaturas en cuotas.<\/span><\/p>\n<p class=\"p1\"><span style=\"font-size: 14pt;\">Rosario,\u00a0Jes\u00fas Ortega Mart\u00ednez\u00a0y\u00a0Jes\u00fas Zambrano\u00a0lo deben recordar bien:\u00a0L\u00f3pez Obrador\u00a0quer\u00eda asumirse como l\u00edder \u00fanico para ello deb\u00eda desplazar a\u00a0Cuauht\u00e9moc C\u00e1rdenas.<\/span><\/p>\n<p class=\"p1\"><span style=\"font-size: 14pt;\">Por lo tanto, la opini\u00f3n final era suya.<\/span><\/p>\n<p class=\"p1\"><span style=\"font-size: 14pt;\">Cansado de reuniones y de confrontar a Nueva Izquierda (NI), dej\u00f3 de revisar las listas y solt\u00f3:<\/span><\/p>\n<p class=\"p1\"><span style=\"font-size: 14pt;\">-Olv\u00eddense de la C\u00e1mara de Diputados. No es tan importante. Lo importante es ganar all\u00e1 -y se\u00f1al\u00f3 hacia Palacio Nacional desde su oficina en el Antiguo Palacio del Ayuntamiento.<\/span><\/p>\n<p class=\"p1\"><span style=\"font-size: 14pt;\">Todos se sorprendieron. \u00c9l sigui\u00f3:<\/span><\/p>\n<p class=\"p1\"><span style=\"font-size: 14pt;\">-S\u00ed, ah\u00ed est\u00e1 el poder para hacer todo lo que se quiera. Para eso es la Presidencia.<\/span><\/p>\n<p class=\"p1\"><span style=\"font-size: 14pt;\">Amenaz\u00f3, lleg\u00f3 y cumple.<\/span><\/p>\n<p class=\"p1\"><span style=\"font-size: 14pt;\">Si alguien lo duda, puede asomarse a los \u00f3rganos Aut\u00f3nomos debilitados, la absorci\u00f3n de Poderes, la embestida al INE de\u00a0Lorenzo C\u00f3rdova, las reformas caprichosas, las obras sin plan maestro\u2026<\/span><\/p>\n<p>&nbsp;<\/p>\n<p class=\"p1\"><span style=\"font-size: 14pt;\"><b>EXONERACI\u00d3N DE BONILLA<\/b><\/span><\/p>\n<p class=\"p1\"><span style=\"font-size: 14pt;\">El Presidente acaba de demostrar su afecto hacia\u00a0Jaime Bonilla.<\/span><\/p>\n<p class=\"p1\"><span style=\"font-size: 14pt;\">No lo incorpor\u00f3 a su Gobierno como prometi\u00f3 hasta el cansancio, pero difundi\u00f3 las conclusiones de las investigaciones sobre asesinatos de periodistas.<\/span><\/p>\n<p class=\"p1\"><span style=\"font-size: 14pt;\">Los se\u00f1alamientos mayores eran por el feminicidio de\u00a0Lourdes Maldonado, quien tuvo relaci\u00f3n profesional con el exgobernador de Baja California.<\/span><\/p>\n<p class=\"p1\"><span style=\"font-size: 14pt;\">Cuando arreciaba la pol\u00e9mica pese a haberse ejecutado en el Gobierno de\u00a0Marina del Pilar \u00c1vila, sucedi\u00f3 otro crimen, el de\u00a0Margarito Mart\u00ednez.<\/span><\/p>\n<p class=\"p1\"><span style=\"font-size: 14pt;\">La fiscal\u00eda de\u00a0\u00c1vila\u00a0debiera dar resultados y aclarar los dos delitos con una investigaci\u00f3n profesional, pero a falta de ella desde Palacio Nacional tenemos informaci\u00f3n.<\/span><\/p>\n<p class=\"p1\"><span style=\"font-size: 14pt;\">A\u00a0Lourdes Maldonado\u00a0y\u00a0Margarito Mart\u00ednez\u00a0los aniquilaron elementos de la misma c\u00e9lula criminal, narcomenudistas \u201cremanentes del grupo de los\u00a0Arellano F\u00e9lix\u201d, dijo el subsecretario\u00a0Ricardo Mej\u00eda.<\/span><\/p>\n<p class=\"p1\"><span style=\"font-size: 14pt;\">Ahora, muy tranquilo,\u00a0Jaime Bonilla\u00a0puede disfrutar el receso legislativo y comenzar su maestr\u00eda para desarrollar con m\u00e1s \u00e9xito sus m\u00faltiples negocios.<\/span><\/p>\n<p>&nbsp;<\/p>\n<p>&nbsp;<\/p>\n<p>&nbsp;<\/p>\n","protected":false},"excerpt":{"rendered":"<p>&nbsp; Por Jos\u00e9 Ure\u00f1a El presente comenz\u00f3 hace varios lustros. Casi cuatro, seg\u00fan recuerdan testigos de aquella historia. A fines<\/p>\n","protected":false},"author":4,"featured_media":3258,"comment_status":"closed","ping_status":"closed","sticky":false,"template":"","format":"standard","meta":{"colormag_page_container_layout":"default_layout","colormag_page_sidebar_layout":"default_layout","_jetpack_memberships_contains_paid_content":false,"footnotes":"","jetpack_publicize_message":"","jetpack_publicize_feature_enabled":true,"jetpack_social_post_already_shared":false,"jetpack_social_options":{"image_generator_settings":{"template":"highway","default_image_id":0,"font":"","enabled":false},"version":2}},"categories":[6],"tags":[],"class_list":["post-3788","post","type-post","status-publish","format-standard","has-post-thumbnail","hentry","category-columnistas"],"jetpack_publicize_connections":[],"jetpack_featured_media_url":"https:\/\/noticiasveracruz.com\/wp-content\/uploads\/2022\/04\/JOSE\u0301-UREN\u0303A.png","jetpack_sharing_enabled":true,"publishpress_future_action":{"enabled":false,"date":"2026-05-08 00:59:41","action":"change-status","newStatus":"draft","terms":[],"taxonomy":"category","extraData":[]},"publishpress_future_workflow_manual_trigger":{"enabledWorkflows":[]},"_links":{"self":[{"href":"https:\/\/noticiasveracruz.com\/index.php\/wp-json\/wp\/v2\/posts\/3788","targetHints":{"allow":["GET"]}}],"collection":[{"href":"https:\/\/noticiasveracruz.com\/index.php\/wp-json\/wp\/v2\/posts"}],"about":[{"href":"https:\/\/noticiasveracruz.com\/index.php\/wp-json\/wp\/v2\/types\/post"}],"author":[{"embeddable":true,"href":"https:\/\/noticiasveracruz.com\/index.php\/wp-json\/wp\/v2\/users\/4"}],"replies":[{"embeddable":true,"href":"https:\/\/noticiasveracruz.com\/index.php\/wp-json\/wp\/v2\/comments?post=3788"}],"version-history":[{"count":0,"href":"https:\/\/noticiasveracruz.com\/index.php\/wp-json\/wp\/v2\/posts\/3788\/revisions"}],"wp:featuredmedia":[{"embeddable":true,"href":"https:\/\/noticiasveracruz.com\/index.php\/wp-json\/wp\/v2\/media\/3258"}],"wp:attachment":[{"href":"https:\/\/noticiasveracruz.com\/index.php\/wp-json\/wp\/v2\/media?parent=3788"}],"wp:term":[{"taxonomy":"category","embeddable":true,"href":"https:\/\/noticiasveracruz.com\/index.php\/wp-json\/wp\/v2\/categories?post=3788"},{"taxonomy":"post_tag","embeddable":true,"href":"https:\/\/noticiasveracruz.com\/index.php\/wp-json\/wp\/v2\/tags?post=3788"}],"curies":[{"name":"wp","href":"https:\/\/api.w.org\/{rel}","templated":true}]}}