{"id":3778,"date":"2022-05-02T00:37:01","date_gmt":"2022-05-02T05:37:01","guid":{"rendered":"https:\/\/noticiasveracruz.com\/?p=3778"},"modified":"2022-05-02T00:36:06","modified_gmt":"2022-05-02T05:36:06","slug":"manual-para-ser-mujer-en-la-actualidad","status":"publish","type":"post","link":"https:\/\/noticiasveracruz.com\/index.php\/2022\/05\/02\/manual-para-ser-mujer-en-la-actualidad\/","title":{"rendered":"Manual para ser mujer en la actualidad"},"content":{"rendered":"<p>&nbsp;<\/p>\n<p class=\"p1\"><span style=\"font-size: 18pt;\"><b>Por Zaira Rosas<\/b><\/span><\/p>\n<p class=\"p3\"><span style=\"font-size: 14pt;\">Hay realidades que no se pueden evadir, la desaparici\u00f3n de mujeres y la violencia creciente es una de ellas. Una problem\u00e1tica que va acompa\u00f1ada de ganas de gritar en las calles, de tomar el poder que por derecho humano corresponde y entonces como mujeres nos vemos obligadas a estar constantemente entre dos puntos: la necesidad de ser libres y expresarnos sin tapujos, pero sin omitir que el entorno sigue siendo opresor en muchos puntos y violenta. <\/span><\/p>\n<p class=\"p3\"><span style=\"font-size: 14pt;\">Ser mujer en nuestros d\u00edas significa poder ejercer el derecho de hablar, actuar o vestir seg\u00fan se desea, pero tambi\u00e9n tener consciencia de lo que ello implica, por lo que no se puede ser ajeno a todo lo que nuestro desenvolvimiento puede generar. Tenemos que aprender a respetarnos entre nosotras mismas, sumarnos de manera real a causas conjuntas y sobre todo presentar posturas congruentes con lo que deseamos obtener. <\/span><\/p>\n<p class=\"p3\"><span style=\"font-size: 14pt;\">Vivimos en una era en la que necesitamos hacer valer nuestro derecho de salir libres a las calles, e intentar hacerlo seguras, pero sabiendo que en todo momento corremos peligro. El objetivo es lograr el respeto a nuestras garant\u00edas individuales, pero mientras tanto es indispensable conocer los riesgos de ejercerlas y aprender a protegernos, ser solidarias e incluso tomar precauciones de cuidado personal. <\/span><\/p>\n<p class=\"p3\"><span style=\"font-size: 14pt;\">Actualmente ante los peligros inminentes y considerando la realidad de nuestro pa\u00eds, hay medidas que debemos considerar y compartirlas con otras personas para procurar cuidar de quienes m\u00e1s queremos. Comencemos por tratar de estar siempre alertas cuando estemos en entornos desconocidos o con personas que reci\u00e9n conocemos. Si se trata de salir de fiesta procura hacerlo con compa\u00f1\u00eda de tu confianza. Si puedes evitar tener que trasladarte sola hazlo. Si no, avisa en todo momento cu\u00e1l es tu ubicaci\u00f3n. <\/span><\/p>\n<p class=\"p3\"><span style=\"font-size: 14pt;\">Al tomar un taxi o cualquier transporte de aplicaci\u00f3n si\u00e9ntate justo atr\u00e1s del asiento del conductor, avisa de manera directa todos los datos posibles de la unidad que te transporta. Si es posible, tambi\u00e9n env\u00eda fotos de c\u00f3mo vas vestida ese d\u00eda a tus contactos m\u00e1s cercanos. Procura que en todo momento siempre alguien de tu confianza sepa con qui\u00e9n y en d\u00f3nde est\u00e1s ubicada. Adem\u00e1s, hay m\u00faltiples formas de utilizar la tecnolog\u00eda a tu favor, por ejemplo, iPhone tiene un sistema de alerta que con apretar algunas teclas manda de inmediato tu ubicaci\u00f3n y una alarma de peligro a tus contactos m\u00e1s cercanos. <\/span><\/p>\n<p class=\"p3\"><span style=\"font-size: 14pt;\">Aunado a lo anterior es fundamental mantenernos informadas e informados, pero no solo mediante la agenda de los medios de comunicaci\u00f3n, tambi\u00e9n es necesario conocer investigaciones ver\u00eddicas, analizar el contenido que estamos consumiendo, a qu\u00e9 le estamos dando valor como sociedad. No es casualidad que en una era donde la m\u00fasica y producciones masivas cosifican a la mujer, los hombres se sientan con el derecho de poseerlas como si de un objeto se tratara. \u00bfQu\u00e9 estamos ense\u00f1ando a las futuras generaciones? Los valores que inculcamos desde temprana edad ser\u00e1n la base de la sociedad que tendremos el d\u00eda de ma\u00f1ana.<\/span><\/p>\n<p class=\"p3\"><span style=\"font-size: 14pt;\">\u00bfQu\u00e9 estamos haciendo por transformar nuestra realidad? Adem\u00e1s de exigir el trabajo de las autoridades, tambi\u00e9n es necesario sumarnos como sociedad a la construcci\u00f3n de nuestro entorno, ayudemos al empoderamiento de m\u00e1s mujeres, construyamos nuevas masculinidades, difundamos m\u00e1s informaci\u00f3n respecto a igualdad y equidad, creemos nuevas oportunidades para que aquellas que a\u00fan no se sienten valiosas descubran todos sus talentos. Sumemos esfuerzos y dejemos de vernos como competencia. <\/span><\/p>\n<p class=\"p3\"><span style=\"font-size: 14pt;\">Si a\u00f1oramos respeto y libertad, comencemos desde casa, brindando esos mismos valores a nuestras mujeres y personas m\u00e1s cercanas, quiz\u00e1s los cambios puedan parecer peque\u00f1os e insignificantes ante el crecimiento de estad\u00edsticas desgarradoras, pero para quien los recibe verdaderamente se marca una diferencia. <\/span><\/p>\n<p>&nbsp;<\/p>\n<p><span style=\"font-size: 18pt;\"><b>Correo: zairosas.22@gmail.com<\/b><\/span><\/p>\n<p>&nbsp;<\/p>\n","protected":false},"excerpt":{"rendered":"<p>&nbsp; Por Zaira Rosas Hay realidades que no se pueden evadir, la desaparici\u00f3n de mujeres y la violencia creciente es<\/p>\n","protected":false},"author":4,"featured_media":3552,"comment_status":"closed","ping_status":"closed","sticky":false,"template":"","format":"standard","meta":{"colormag_page_container_layout":"default_layout","colormag_page_sidebar_layout":"default_layout","_jetpack_memberships_contains_paid_content":false,"footnotes":"","jetpack_publicize_message":"","jetpack_publicize_feature_enabled":true,"jetpack_social_post_already_shared":false,"jetpack_social_options":{"image_generator_settings":{"template":"highway","default_image_id":0,"font":"","enabled":false},"version":2}},"categories":[6],"tags":[],"class_list":["post-3778","post","type-post","status-publish","format-standard","has-post-thumbnail","hentry","category-columnistas"],"jetpack_publicize_connections":[],"jetpack_featured_media_url":"https:\/\/noticiasveracruz.com\/wp-content\/uploads\/2022\/04\/NV-ZAIRA-ROSAS.png","jetpack_sharing_enabled":true,"publishpress_future_action":{"enabled":false,"date":"2026-05-03 12:00:31","action":"change-status","newStatus":"draft","terms":[],"taxonomy":"category","extraData":[]},"publishpress_future_workflow_manual_trigger":{"enabledWorkflows":[]},"_links":{"self":[{"href":"https:\/\/noticiasveracruz.com\/index.php\/wp-json\/wp\/v2\/posts\/3778","targetHints":{"allow":["GET"]}}],"collection":[{"href":"https:\/\/noticiasveracruz.com\/index.php\/wp-json\/wp\/v2\/posts"}],"about":[{"href":"https:\/\/noticiasveracruz.com\/index.php\/wp-json\/wp\/v2\/types\/post"}],"author":[{"embeddable":true,"href":"https:\/\/noticiasveracruz.com\/index.php\/wp-json\/wp\/v2\/users\/4"}],"replies":[{"embeddable":true,"href":"https:\/\/noticiasveracruz.com\/index.php\/wp-json\/wp\/v2\/comments?post=3778"}],"version-history":[{"count":0,"href":"https:\/\/noticiasveracruz.com\/index.php\/wp-json\/wp\/v2\/posts\/3778\/revisions"}],"wp:featuredmedia":[{"embeddable":true,"href":"https:\/\/noticiasveracruz.com\/index.php\/wp-json\/wp\/v2\/media\/3552"}],"wp:attachment":[{"href":"https:\/\/noticiasveracruz.com\/index.php\/wp-json\/wp\/v2\/media?parent=3778"}],"wp:term":[{"taxonomy":"category","embeddable":true,"href":"https:\/\/noticiasveracruz.com\/index.php\/wp-json\/wp\/v2\/categories?post=3778"},{"taxonomy":"post_tag","embeddable":true,"href":"https:\/\/noticiasveracruz.com\/index.php\/wp-json\/wp\/v2\/tags?post=3778"}],"curies":[{"name":"wp","href":"https:\/\/api.w.org\/{rel}","templated":true}]}}