{"id":3773,"date":"2022-05-02T00:48:17","date_gmt":"2022-05-02T05:48:17","guid":{"rendered":"https:\/\/noticiasveracruz.com\/?p=3773"},"modified":"2022-05-02T00:30:27","modified_gmt":"2022-05-02T05:30:27","slug":"oposicion-cava-su-tumba-politica","status":"publish","type":"post","link":"https:\/\/noticiasveracruz.com\/index.php\/2022\/05\/02\/oposicion-cava-su-tumba-politica\/","title":{"rendered":"Oposici\u00f3n cava su tumba pol\u00edtica"},"content":{"rendered":"<p>&nbsp;<\/p>\n<p class=\"p1\"><span style=\"font-size: 18pt;\"><b>Por Francisco Blanco Calder\u00f3n<\/b><\/span><\/p>\n<p class=\"p1\"><span style=\"font-size: 14pt;\"><em>(Segunda parte)<\/em><\/span><\/p>\n<p class=\"p1\"><b>Por Francisco Blanco Calder\u00f3n<\/b><\/p>\n<p class=\"p3\"><span style=\"font-size: 14pt;\">\u201cEn su desesperado por sacudirse el calificativo de traidores a la patria \u2013ganado a pulso tras su infame conducta \u2013, los diputados al servicio de la minor\u00eda rapaz se quejan \u2013ellos, odiadores seriales\u2013 de una campa\u00f1a de odio en su contra y pretenden mostrarse como legisladores angelicales que defienden a M\u00e9xico, cuando en los hechos s\u00f3lo protegen los intereses de un grupo de trasnacionales que exprimen al erario, operan de forma ilegal y defraudan al fisco, entre tantas otras gracias\u2026A favor de eso votaron los 223 que hoy se retuercen por ser acusados de traidores a la patria. Pero falta: cinco trasnacionales (Iberdrola-Naturgy \u2013ambas espa\u00f1olas\u2013, Saavi \u2013gringa\u2013, Mitsui \u2013japonesa\u2013 y Enel \u2013italiana), controladas por los fondos buitres, concentran 60 por ciento de la generaci\u00f3n el\u00e9ctrica en M\u00e9xico, es decir, son las que han ocupado los espacios de la CFE gracias a las reformas neoliberales. Iberdrola es la reina de la fiesta atracadora: participa en el ilegal autoabasto, las subastas, en la producci\u00f3n independiente de energ\u00eda (PIE), posee las mayores centrales de generaci\u00f3n y de cereza su equipo de asesores particip\u00f3 activa y decididamente en el armado de la reforma pe\u00f1anietista de 2013. En materia de autoabasto, la CFE tiene identificadas a 239 centrales; de ellas, 110 (46 por ciento del total, aunque puede haber m\u00e1s) proceden de manera ilegal, fraudulenta, en detrimento del erario nacional. El autoabasto es generaci\u00f3n el\u00e9ctrica para satisfacer las necesidades de una empresa, una sola, la que cuenta con el permiso, pero en este caso hay alrededor de 78 mil socios que en realidad son clientes, como los Oxxo, Walmart, Farmacias del Ahorro y Guadalajara, Telmex, Grupo M\u00e9xico, Cementos Mexicanos (Cemex), Grupo Bimbo, Kimberly Clark (del inefable Claudio X. Gonz\u00e1lez Laporte, cuyo junior se cobija en Si Por M\u00e9xico<span class=\"Apple-converted-space\">\u00a0 <\/span>y financia Va por M\u00e9xico. Eso y much\u00edsimo m\u00e1s, pero no los llamen traidores a la patria, porque se ofenden\u201d. (Carlos Fern\u00e1ndez-Vega. M\u00e9xico SA).<\/span><\/p>\n<p>&nbsp;<\/p>\n<p class=\"p3\"><span style=\"font-size: 14pt;\"><b>OPOSICI\u00d3N Y VIOLENCIA<\/b><\/span><\/p>\n<p class=\"p3\"><span style=\"font-size: 14pt;\">El colmo, Denisse Dresser<span class=\"Apple-converted-space\">\u00a0 <\/span>acad\u00e9mica, vocera del conservadurismo, qui\u00e9n se ofendi\u00f3 y hecho pestes de la expresi\u00f3n<span class=\"Apple-converted-space\">\u00a0 <\/span>de Paco Ignacio Taibo II, \u201cse las metimos doblada\u201d,<span class=\"Apple-converted-space\">\u00a0 <\/span>refiri\u00e9ndose a la boleta electoral, ahora esta intelectual org\u00e1nica se la mienta a L\u00f3pez Obrador por las declaraciones de Donald Trump. Adem\u00e1s de<span class=\"Apple-converted-space\">\u00a0 <\/span>ofensiva, est\u00e1<span class=\"Apple-converted-space\">\u00a0 <\/span>simplemente<span class=\"Apple-converted-space\">\u00a0 <\/span>ofuscada en su berrinche opositor. As\u00ed como Margarita Zavala y Mariana G\u00f3mez del Campo, legisladoras del PAN, acudieron a las oficinas de la ONU en Ciudad de M\u00e9xico para presentar una denuncia contra Morena y sus aliados por presuntas amenazas y extorsiones en la votaci\u00f3n de Reforma El\u00e9ctrica. No cabe duda las encubridoras<span class=\"Apple-converted-space\">\u00a0 <\/span>del asesinato de 49 ni\u00f1os del ABC, son mustias y de doble moral. <\/span><\/p>\n<p class=\"p3\"><span style=\"font-size: 14pt;\">Eso mismo denota Francisco Mart\u00edn Moreno qui\u00e9n asegur\u00f3 que \u201cquemaba vivo a cada uno de los morenistas en el Z\u00f3calo\u201d. Las declaraciones para arremeter contra la campa\u00f1a para detener el odio contra diputados de oposici\u00f3n que votaron contra la Reforma El\u00e9ctrica.<span class=\"Apple-converted-space\">\u00a0 <\/span>Adem\u00e1s la campa\u00f1a \u201cAlto al odio \/ No a la violencia entre mexicanos\u201d es difundida no s\u00f3lo por Mart\u00edn Moreno, a quien AMLO calific\u00f3 de hip\u00f3crita. Mart\u00edn Moreno, creador de la campa\u00f1a declar\u00f3 en entrevista a Pedro Ferriz de Con: \u201cSi se pudiera regresar a la \u00e9poca de la Inquisici\u00f3n, yo colgaba, no, quemaba vivo a cada uno de los morenistas en el Z\u00f3calo capitalino, te lo juro\u201d.<\/span><\/p>\n<p class=\"p3\"><span style=\"font-size: 14pt;\">Ojo mucho ojo: Que nadie se quede sin ver lo que desde la p\u00e1gina oficial de los diputados federales, los de base<span class=\"Apple-converted-space\">\u00a0 <\/span>del PRD public\u00f3 y se borr\u00f3 de inmediato,<span class=\"Apple-converted-space\">\u00a0 <\/span>su denuncia que los legisladores perredistas recibieron sobornos de parte de Iberdrola: \u201cA nombre del equipo de redes de los diputados del PRD,<span class=\"Apple-converted-space\">\u00a0 <\/span>pedimos perd\u00f3n a M\u00e9xico por lo que hicieron nuestros jefes. Vendieron la patria por maletas de efectivo\u201d\u2026\u201d los que trabajamos para el PRD igual vamos a pagar recibos de luz m\u00e1s caros como sucede en Espa\u00f1a, chale nos consta que Iberdrola les dio harta mochada en efectivo y se la comieron solos,<span class=\"Apple-converted-space\">\u00a0 <\/span>ni compartieron\u201d. Evidencias como estas brotaron del alcantarillado de esos partidos ap\u00e1tridas.<\/span><\/p>\n<p>&nbsp;<\/p>\n<p class=\"p3\"><span style=\"font-size: 14pt;\"><b>TRAIDORES A LA PATRIA <\/b><\/span><\/p>\n<p class=\"p3\"><span style=\"font-size: 14pt;\">Y de ah\u00ed se desat\u00f3 una euf\u00f3rica campa\u00f1a de legisladores ap\u00e1tridas, de enmochados intelectuales org\u00e1nicos al igual que los<span class=\"Apple-converted-space\">\u00a0 <\/span>conductores de radio\/TV y los analistas pol\u00edticos de Reforma, El Universal y El Financiero, entre otros, quienes ofendidos porque los calificaran como traidores a la patria por militantes<span class=\"Apple-converted-space\">\u00a0 <\/span>de Morena y sobre todo la ciudadan\u00eda que los distingue como entreguistas al servicio de los intereses ajenos al pueblo. Ahora denuncian y acusan que los ofendan por haber votado contra a Reforma El\u00e9ctrica, se organizan y movilizan para frenar la campa\u00f1a de odio, seg\u00fan ellos, por someterse al capital extranjero.<\/span><\/p>\n<p class=\"p3\"><span style=\"font-size: 14pt;\">El presidente de Morena, Mario Delgado, inform\u00f3 que su partido: \u201cEn los seis estados donde hay elecciones que vamos a invitar a nuestros diputados a que le informen al pueblo lo que hicieron los legisladores vendepatrias,<span class=\"Apple-converted-space\">\u00a0 <\/span>para que el pr\u00f3ximo 5 de junio la gente considere eso a la hora de votar. La gente no va a permitir de que sigan a avanzando los conservadores, aquellos que quieren llegar al poder para entregar nuestra soberan\u00eda a los extranjeros\u201d. (Forbes).<\/span><\/p>\n<p class=\"p3\"><span style=\"font-size: 14pt;\">Para el escritor y analista pol\u00edtico, Alfredo Jalife-Rahme, la Reforma El\u00e9ctrica fue una estrategia del presidente AMLO para dar un paso al objetivo principal: aprobar la iniciativa para nacionalizar el litio<span class=\"Apple-converted-space\">\u00a0 <\/span>y donde expuso que el mandatario<span class=\"Apple-converted-space\">\u00a0 <\/span>se \u201cchamaque\u00f3 feo a la novata oposici\u00f3n\u201d.<\/span><\/p>\n<p class=\"p3\"><span style=\"font-size: 14pt;\">No cabe duda, la respuesta del pueblo de M\u00e9xico se ver\u00e1 reflejada en el proceso electoral del pr\u00f3ximo 5 de junio<span class=\"Apple-converted-space\">\u00a0 <\/span>en seis entidades de la rep\u00fablica, as\u00ed como meses m\u00e1s tarde ante el cambio de gobierno en la \u201cJoya de la Corona\u201d del Estado de M\u00e9xico y finalmente en el 2024 por<span class=\"Apple-converted-space\">\u00a0 <\/span>la Presidencia, jefatura de Gobierno de CDMX, el Congreso federal, varia alcald\u00edas y<span class=\"Apple-converted-space\">\u00a0 <\/span>congresos locales. Todo o nada. El Pueblo pone y el Pueblo quita, no hay de otra.<\/span><\/p>\n<p>&nbsp;<\/p>\n<p class=\"p3\"><span style=\"font-size: 14pt;\"><b>AHORA S\u00cd<\/b><\/span><\/p>\n<p class=\"p3\"><strong><span style=\"font-size: 14pt;\">Viene la Reforma Electoral juntito al proceso del 5 de Junio. En pol\u00edtica nada es fortuito, todo es previsto.<\/span><\/strong><\/p>\n<p>&nbsp;<\/p>\n","protected":false},"excerpt":{"rendered":"<p>&nbsp; Por Francisco Blanco Calder\u00f3n (Segunda parte) Por Francisco Blanco Calder\u00f3n \u201cEn su desesperado por sacudirse el calificativo de traidores<\/p>\n","protected":false},"author":4,"featured_media":3566,"comment_status":"closed","ping_status":"closed","sticky":false,"template":"","format":"standard","meta":{"colormag_page_container_layout":"default_layout","colormag_page_sidebar_layout":"default_layout","_jetpack_memberships_contains_paid_content":false,"footnotes":"","jetpack_publicize_message":"","jetpack_publicize_feature_enabled":true,"jetpack_social_post_already_shared":false,"jetpack_social_options":{"image_generator_settings":{"template":"highway","default_image_id":0,"font":"","enabled":false},"version":2}},"categories":[6],"tags":[27,31,385,518],"class_list":["post-3773","post","type-post","status-publish","format-standard","has-post-thumbnail","hentry","category-columnistas","tag-amlo","tag-mexico","tag-oposicion","tag-reforma-electoral"],"jetpack_publicize_connections":[],"jetpack_featured_media_url":"https:\/\/noticiasveracruz.com\/wp-content\/uploads\/2022\/04\/NV-FRANCISCO-BLANCO.png","jetpack_sharing_enabled":true,"publishpress_future_action":{"enabled":false,"date":"2026-05-03 13:24:38","action":"change-status","newStatus":"draft","terms":[],"taxonomy":"category","extraData":[]},"publishpress_future_workflow_manual_trigger":{"enabledWorkflows":[]},"_links":{"self":[{"href":"https:\/\/noticiasveracruz.com\/index.php\/wp-json\/wp\/v2\/posts\/3773","targetHints":{"allow":["GET"]}}],"collection":[{"href":"https:\/\/noticiasveracruz.com\/index.php\/wp-json\/wp\/v2\/posts"}],"about":[{"href":"https:\/\/noticiasveracruz.com\/index.php\/wp-json\/wp\/v2\/types\/post"}],"author":[{"embeddable":true,"href":"https:\/\/noticiasveracruz.com\/index.php\/wp-json\/wp\/v2\/users\/4"}],"replies":[{"embeddable":true,"href":"https:\/\/noticiasveracruz.com\/index.php\/wp-json\/wp\/v2\/comments?post=3773"}],"version-history":[{"count":0,"href":"https:\/\/noticiasveracruz.com\/index.php\/wp-json\/wp\/v2\/posts\/3773\/revisions"}],"wp:featuredmedia":[{"embeddable":true,"href":"https:\/\/noticiasveracruz.com\/index.php\/wp-json\/wp\/v2\/media\/3566"}],"wp:attachment":[{"href":"https:\/\/noticiasveracruz.com\/index.php\/wp-json\/wp\/v2\/media?parent=3773"}],"wp:term":[{"taxonomy":"category","embeddable":true,"href":"https:\/\/noticiasveracruz.com\/index.php\/wp-json\/wp\/v2\/categories?post=3773"},{"taxonomy":"post_tag","embeddable":true,"href":"https:\/\/noticiasveracruz.com\/index.php\/wp-json\/wp\/v2\/tags?post=3773"}],"curies":[{"name":"wp","href":"https:\/\/api.w.org\/{rel}","templated":true}]}}