{"id":3771,"date":"2022-05-02T01:05:57","date_gmt":"2022-05-02T06:05:57","guid":{"rendered":"https:\/\/noticiasveracruz.com\/?p=3771"},"modified":"2022-05-02T00:19:07","modified_gmt":"2022-05-02T05:19:07","slug":"los-gringos-quieren-invadir-de-nuevo","status":"publish","type":"post","link":"https:\/\/noticiasveracruz.com\/index.php\/2022\/05\/02\/los-gringos-quieren-invadir-de-nuevo\/","title":{"rendered":"Los gringos quieren invadir de nuevo"},"content":{"rendered":"<p>&nbsp;<\/p>\n<p class=\"p1\"><span style=\"font-size: 18pt;\"><b>Por \u00c1ngel \u00c1lvaro Pe\u00f1a<\/b><\/span><\/p>\n<p class=\"p1\"><span style=\"font-size: 14pt;\">Cuando se junta el sentimiento antimexicano, el desconocimiento de la historia y las elecciones, los pol\u00edticos son capaces de enloquecer. M\u00e1s a\u00fan desesperados ante la posibilidad de la derrota electoral, pero <strong>no estamos hablando de M\u00e9xico sino de Estados Unidos, donde el gobernador de Texas, el Republicano Greg Abbott, amenaza con invadir M\u00e9xico<\/strong> si los n\u00fameros de cruces ilegales de personas siguen aumentando en la frontera sur de su estado.<\/span><\/p>\n<p class=\"p1\"><span style=\"font-size: 14pt;\">El\u00a0<i>New York Times<\/i>,\u00a0Abbott inform\u00f3 que el declarado enemigo de los mexicanos envi\u00f3 a estudio de sus asesores una posible invasi\u00f3n a nuestro pa\u00eds y arrogarse los poderes de guerra y as\u00ed obtener la categor\u00eda suficiente para aumentar su poder en la frontera con M\u00e9xico, con miras a una incursi\u00f3n policial a territorio mexicano.<\/span><\/p>\n<p class=\"p1\"><strong><span style=\"font-size: 18pt;\">Se comenta que esto ser\u00eda posible si se declara una \u00abinvasi\u00f3n\u00bb para cumplir con\u00a0una cl\u00e1usula\u00a0de la constituci\u00f3n de\u00a0Estados Unidos, que dice que los estados no pueden entrar en\u00a0guerra\u00a0excepto cuando son \u00abrealmente invadidos\u00bb y para Greg la llegada de migrantes es una invasi\u00f3n y no un derecho humano.<\/span><\/strong><\/p>\n<p class=\"p1\"><span style=\"font-size: 14pt;\">Por su parte, el equipo jur\u00eddico de\u00a0Abbott\u00a0y el fiscal general de\u00a0Texas,\u00a0Ken Paxton, se reunieron para debatir la medida, que pondr\u00eda al estado en una colisi\u00f3n frontal con el gobierno federal al permitir que la\u00a0polic\u00eda estatal arreste\u00a0y deporte a\u00a0inmigrantes. Es decir, tendr\u00eda que pelear con Biden y enviar su propuesta al Congreso para que pudiera actuar conforme a las leyes, pero mientras esto sucede las elecciones ya habr\u00e1n pasado y la intentona de Abbott no pasar\u00e1 de ser un alarde electorero.<\/span><\/p>\n<p class=\"p1\"><strong><span style=\"font-size: 14pt;\">C\u00f3mo hace falta ahora un Francisco Villa, que visite Nuevo M\u00e9xico a poner en orden a algunos salvajes antimexicanos que ven la historia desde un plano bastante miope y la realidad desde un arista obtuso y conservador.<\/span><\/strong><\/p>\n<p class=\"p1\"><span style=\"font-size: 14pt;\">Hace 105 a\u00f1os, el 9 de marzo de 1916, las tropas del revolucionario mexicano Francisco \u00abPancho\u00bb Villa irrumpieron en el poblado de Columbus, Nuevo M\u00e9xico. Donde, cerca de 600 milicianos pertenecientes a la Divisi\u00f3n del Norte cruzaron la frontera y en una batalla de seis horas abatieron a la guardia del cuartel y colgaron a los guardias de los postes de luz como muestra de superioridad ente el embate gringo.<\/span><\/p>\n<blockquote>\n<p class=\"p1\"><span style=\"font-size: 14pt;\">\u201c\u00a1Viva M\u00e9xico! \u00a1Mueran los gringos!\u00bb, fue el grito de guerra de Pancho Villa al entrar a la naci\u00f3n vecina.<\/span><\/p>\n<\/blockquote>\n<p class=\"p1\"><span style=\"font-size: 14pt;\">Pero ahora Abbott pareciera ser m\u00e1s feroz que las guerrillas revolucionarias y sus jefes de hace m\u00e1s de un siglo, porque afirma: \u00abSi utilizamos esta estrategia, podr\u00eda exponer a las fuerzas del orden en el estado de\u00a0Texas\u00a0a ser perseguidos penalmente, sin embargo, \u00bfEs algo que estamos contemplando? S\u00ed\u00bb.<\/span><\/p>\n<p class=\"p1\"><span style=\"font-size: 14pt;\">Funcionarios federales y estatales, as\u00ed como pol\u00edticos dem\u00f3cratas del pa\u00eds han catalogado las acciones de\u00a0Abbott\u00a0en la frontera como un \u201ctruco pol\u00edtico\u201d, los mexicanos lo consideramos como una payasada propia de quien desconoce la historia y es un fan\u00e1tico enemigo de M\u00e9xico y los mexicanos.<\/span><\/p>\n<p class=\"p1\"><span style=\"font-size: 14pt;\">Todo esto lo hace Abbott para ganar votos cuando no sabe que cerrar la frontera se convierte en un <i>boomerang<\/i>, porque al hacerlo los comerciantes de la frontera pierden millones de d\u00f3lares al dejar de vender a los clientes mexicanos que cruzan para adquirir mercanc\u00edas todos los d\u00edas y s\u00f3lo lograr\u00e1 que comerciantes, sus familias y los clientes, radicados en ese estado, voten contra el rabioso gobernador de Texas.<\/span><\/p>\n<p class=\"p1\"><span style=\"font-size: 14pt;\">Pero aqu\u00ed no termina la agresi\u00f3n y el menosprecio de Abbott hacia los mexicanos, porque el secretario de Relaciones Exteriores, Marcelo Ebrard, calific\u00f3 de \u201cextorsi\u00f3n\u201d su postura, que ha levantado los controles extraordinarios de mercanc\u00edas en la frontera a cambio de concesiones de los gobernadores de los estados mexicanos fronterizos.<\/span><\/p>\n<p class=\"p1\"><span style=\"font-size: 14pt;\">Los controles implantados por las autoridades texanas provocaban colas de entre 24 y 30 horas en la frontera, lo que forz\u00f3 a los gobernadores de Nuevo Le\u00f3n, Tamaulipas, Coahuila y Chihuahua a negociar, cada uno por su cuenta, acuerdos y concesiones, coment\u00f3 Ebrard, quien parece no darse cuenta de que los gobernadores de esas entidades no son de Morena, y cabe la posibilidad no s\u00f3lo que se hayan asustado con el \u201cpetate del muerto\u201d sino que est\u00e9n de acuerdo en este chantaje del texano para perjudicar a la 4T.<\/span><\/p>\n<p class=\"p1\"><span style=\"font-size: 14pt;\">Porque debemos recordar que la actual gobernadora de Chihuahua es Maru Campos, del PAN; de Coahuila,\u00a0Miguel \u00c1ngel Riquelme Sol\u00eds, del PRI; de Nuevo Le\u00f3n, Samuel Garc\u00eda Sep\u00falveda, de Movimiento Ciudadano y Tamaulipas, Francisco Garc\u00eda Cabeza de Vaca, del PAN. Al rato van a querer independizarse y anexarse a Estados Unidos, pa\u00eds que admiran y aspiran vivir en \u00e9l. Ah\u00ed est\u00e1 el ejemplo de la esposa de Samuel Garc\u00eda, que llama a su entidad Nuevolandia.<\/span><\/p>\n<blockquote>\n<p class=\"p1\"><span style=\"font-size: 14pt;\">Es el esquema de extorsi\u00f3n. M\u00e1s bien es una extorsi\u00f3n. Cierro la frontera y tienes que firmar lo que yo diga. Ese no es un acuerdo. Un acuerdo es que t\u00fa y yo estemos de acuerdo en algo y el problema de la migraci\u00f3n no es de M\u00e9xico. Son las decisiones que Estados Unidos debe tomar\u201d, coment\u00f3 desde Nuevo Le\u00f3n, a donde viajo para poner orden en este chantaje.<\/span><\/p>\n<\/blockquote>\n<p class=\"p1\"><span style=\"font-size: 14pt;\">Ebrard considera que los mandatarios estatales mexicanos \u201cno ten\u00edan otra alternativa\u201d m\u00e1s que firmar la amenaza del gobernador de Texas.<\/span><\/p>\n<p class=\"p1\"><span style=\"font-size: 14pt;\">Por su parte, el secretario de Seguridad Nacional de Estados Unidos, Alejandro Mayorkas, reconoci\u00f3 que su pa\u00eds se prepara para recibir una oleada de inmigrantes y enfrentar una \u00abpresi\u00f3n extraordinaria\u00bb en la frontera con M\u00e9xico una vez que se eliminen las restricciones de entrada relacionadas con la pandemia de Covid 19.<\/span><\/p>\n<p class=\"p1\"><span style=\"font-size: 14pt;\">Es decir, esto es una prueba m\u00e1s de que la pandemia ha desaparecido en M\u00e9xico; sin embargo, los migrantes pueden no ser controlados o no estar vacunados, lo cual complica su acceso al vecino pa\u00eds del norte, lo cual requiere de tiempo y un esfuerzo en recursos humanos superior al planeado; sin embargo, el tema sanitario no es importante para Abbott, \u00e9l simplemente no quiere migrantes en territorio texano.<\/span><\/p>\n<p class=\"p1\"><span style=\"font-size: 14pt;\">Tan s\u00f3lo en Houston, Texas m\u00e1s de la cuarta parte de los habitantes son de origen latino.<\/span><\/p>\n<blockquote>\n<p class=\"p1\"><span style=\"font-size: 14pt;\">Mayorkas admiti\u00f3 la amplitud del problema y repiti\u00f3 el contundente mensaje de \u00abNo vengas\u00bb a cualquier posible migrante que est\u00e9 pensando en cruzar la frontera ilegalmente, pero el proyecto del dem\u00f3crata Joe Biden, es poner fin el 23 de mayo al denominado \u00abT\u00edtulo 42\u00bb, la medida que permite en la actualidad la expulsi\u00f3n r\u00e1pida de inmigrantes con argumentos sanitarios, lo cual ha provocado reclamos de varios sectores pol\u00edticos, sobre todo en tiempos prelectorales\u201d.<\/span><\/p>\n<\/blockquote>\n<p class=\"p1\"><span style=\"font-size: 14pt;\">El discurso pol\u00edtico es cada vez m\u00e1s agresivo tanto en estados unidos como en M\u00e9xico. Las advertencias se convierten en amenazas y la legalidad es cada d\u00eda m\u00e1s flexible cuando en realidad debe cumplirse con estricto sentido del derecho. Recordemos que despu\u00e9s del discurso violento viene la agresi\u00f3n real.<\/span><\/p>\n<p>&nbsp;<\/p>\n<p class=\"p1\"><span style=\"font-size: 14pt;\"><span style=\"font-size: 18pt;\"><strong>PEGA Y CORRE.<\/strong> <\/span>La oposici\u00f3n mostr\u00f3 con su creciente desesperaci\u00f3n que hab\u00eda puesto algo m\u00e1s que esperanzas en la figura de Luis Donaldo Colosio Riojas para 2024, ahora que se cay\u00f3 del pedestal, la orfandad de algunos se hace manifiesta\u2026 <\/span><\/p>\n<p>&nbsp;<\/p>\n<p class=\"p1\"><strong><span style=\"font-size: 18pt;\">Esta columna se publica los lunes, mi\u00e9rcoles y viernes.<\/span><\/strong><\/p>\n","protected":false},"excerpt":{"rendered":"<p>&nbsp; Por \u00c1ngel \u00c1lvaro Pe\u00f1a Cuando se junta el sentimiento antimexicano, el desconocimiento de la historia y las elecciones, los<\/p>\n","protected":false},"author":4,"featured_media":3187,"comment_status":"closed","ping_status":"closed","sticky":false,"template":"","format":"standard","meta":{"colormag_page_container_layout":"default_layout","colormag_page_sidebar_layout":"default_layout","_jetpack_memberships_contains_paid_content":false,"footnotes":"","jetpack_publicize_message":"","jetpack_publicize_feature_enabled":true,"jetpack_social_post_already_shared":false,"jetpack_social_options":{"image_generator_settings":{"template":"highway","default_image_id":0,"font":"","enabled":false},"version":2}},"categories":[6],"tags":[538,539,31,540],"class_list":["post-3771","post","type-post","status-publish","format-standard","has-post-thumbnail","hentry","category-columnistas","tag-greg-abbott","tag-invasion","tag-mexico","tag-pancho-villa"],"jetpack_publicize_connections":[],"jetpack_featured_media_url":"https:\/\/noticiasveracruz.com\/wp-content\/uploads\/2022\/04\/A\u0301NGEL-A\u0301LVARO-PEN\u0303A.png","jetpack_sharing_enabled":true,"publishpress_future_action":{"enabled":false,"date":"2026-05-03 19:03:26","action":"change-status","newStatus":"draft","terms":[],"taxonomy":"category","extraData":[]},"publishpress_future_workflow_manual_trigger":{"enabledWorkflows":[]},"_links":{"self":[{"href":"https:\/\/noticiasveracruz.com\/index.php\/wp-json\/wp\/v2\/posts\/3771","targetHints":{"allow":["GET"]}}],"collection":[{"href":"https:\/\/noticiasveracruz.com\/index.php\/wp-json\/wp\/v2\/posts"}],"about":[{"href":"https:\/\/noticiasveracruz.com\/index.php\/wp-json\/wp\/v2\/types\/post"}],"author":[{"embeddable":true,"href":"https:\/\/noticiasveracruz.com\/index.php\/wp-json\/wp\/v2\/users\/4"}],"replies":[{"embeddable":true,"href":"https:\/\/noticiasveracruz.com\/index.php\/wp-json\/wp\/v2\/comments?post=3771"}],"version-history":[{"count":0,"href":"https:\/\/noticiasveracruz.com\/index.php\/wp-json\/wp\/v2\/posts\/3771\/revisions"}],"wp:featuredmedia":[{"embeddable":true,"href":"https:\/\/noticiasveracruz.com\/index.php\/wp-json\/wp\/v2\/media\/3187"}],"wp:attachment":[{"href":"https:\/\/noticiasveracruz.com\/index.php\/wp-json\/wp\/v2\/media?parent=3771"}],"wp:term":[{"taxonomy":"category","embeddable":true,"href":"https:\/\/noticiasveracruz.com\/index.php\/wp-json\/wp\/v2\/categories?post=3771"},{"taxonomy":"post_tag","embeddable":true,"href":"https:\/\/noticiasveracruz.com\/index.php\/wp-json\/wp\/v2\/tags?post=3771"}],"curies":[{"name":"wp","href":"https:\/\/api.w.org\/{rel}","templated":true}]}}