{"id":3765,"date":"2022-05-02T02:22:08","date_gmt":"2022-05-02T07:22:08","guid":{"rendered":"https:\/\/noticiasveracruz.com\/?p=3765"},"modified":"2022-05-02T02:24:12","modified_gmt":"2022-05-02T07:24:12","slug":"trabajadores-vitales-para-el-desarrollo-de-las-naciones-presidente","status":"publish","type":"post","link":"https:\/\/noticiasveracruz.com\/index.php\/2022\/05\/02\/trabajadores-vitales-para-el-desarrollo-de-las-naciones-presidente\/","title":{"rendered":"Trabajadores vitales para el desarrollo de las naciones: presidente"},"content":{"rendered":"<p><span style=\"font-size: 14pt;\"><em><strong>Tabasco.<\/strong> <\/em>El presidente Andr\u00e9s Manuel L\u00f3pez Obrador encabez\u00f3 la conmemoraci\u00f3n del <strong>D\u00eda Internacional del Trabajo en la Refiner\u00eda Olmeca,<\/strong>\u00a0donde reconoci\u00f3 la importancia de las y los trabajadores para impulsar el desarrollo y progreso con bienestar de las naciones.<\/span><\/p>\n<blockquote><p><span style=\"font-size: 14pt;\">El coraz\u00f3n y el alma es el trabajo, por eso: \u00a1Que vivan los trabajadores! (\u2026) Hoy se cumplen 136 a\u00f1os de ese d\u00eda hist\u00f3rico y decidimos conmemorar este d\u00eda aqu\u00ed con ustedes en Dos Bocas, con lo que ustedes est\u00e1n haciendo en la construcci\u00f3n de esta refiner\u00eda y tambi\u00e9n como un ejemplo de todo lo que hacen en M\u00e9xico y en el mundo\u201d, expres\u00f3.<\/span><\/p><\/blockquote>\n<p><span style=\"font-size: 18pt;\"><strong>Reafirm\u00f3 el compromiso del Gobierno de la Cuarta Transformaci\u00f3n para continuar concretando la justicia laboral, el aumento de salarios, las prestaciones y la seguridad social.<\/strong><\/span><\/p>\n<p>&nbsp;<\/p>\n<p><img loading=\"lazy\" decoding=\"async\" class=\"aligncenter wp-image-4602 size-large\" src=\"https:\/\/politicosaldesnudo.com.mx\/wp-content\/uploads\/2022\/05\/P-TRABAJO4-1024x573.png\" alt=\"\" width=\"800\" height=\"448\" \/><\/p>\n<p>&nbsp;<\/p>\n<blockquote><p><span style=\"font-size: 14pt;\">No son palabras, son hechos. Desde que llegamos jam\u00e1s el salario m\u00ednimo ha aumentado 70 por ciento y van a seguir incrementando los salarios y sube el salario m\u00ednimo y se tienen que seguir incrementando por encima de la inflaci\u00f3n como no suced\u00eda anteriormente\u201d, asever\u00f3.<\/span><\/p><\/blockquote>\n<p><span style=\"font-size: 14pt;\">El jefe del Ejecutivo sostuvo que gracias a su labor es posible rescatar a la Comisi\u00f3n Federal de Electricidad y a Petr\u00f3leos Mexicanos, as\u00ed como construir la <strong>nueva refiner\u00eda de Dos Bocas<\/strong> que <strong>\u201ces un ejemplo a nivel mundial porque no se har\u00eda una en ning\u00fan lugar del mundo con 9 mil millones de d\u00f3lares ni en tres a\u00f1os y medio ni con la calidad de esta refiner\u00eda. Es un ejemplo\u201d.<\/strong><\/span><\/p>\n<p><span style=\"font-size: 14pt;\"><strong>Reafirm\u00f3 que se inaugurar\u00e1 el 2 de julio; el inicio de operaciones permitir\u00e1 dejar de comprar gasolinas en el extranjero y ser autosuficientes.<\/strong><\/span><\/p>\n<blockquote><p><span style=\"font-size: 14pt;\">La construcci\u00f3n se financi\u00f3 con presupuesto p\u00fablico, por lo que no signific\u00f3 deuda para el pa\u00eds, acot\u00f3.<\/span><\/p><\/blockquote>\n<p><strong><span style=\"font-size: 14pt;\">Destac\u00f3 que en el proceso de edificaci\u00f3n de la Refiner\u00eda Olmeca se generaron 35 mil empleos directos e indirectos. Cuando est\u00e9 en funcionamiento se requerir\u00e1n mil personas capacitadas para echarla a andar.<\/span><\/strong><\/p>\n<p><span style=\"font-size: 14pt;\">El presidente hizo el compromiso de reubicar a quienes participaron en esta obra en otros proyectos estrat\u00e9gicos como el Tren Maya, el de Coatzacoalcos a Palenque o en los parques industriales del corredor del Istmo de Tehuantepec.<\/span><\/p>\n<p>&nbsp;<\/p>\n<p><img loading=\"lazy\" decoding=\"async\" class=\"aligncenter wp-image-4603 size-large\" src=\"https:\/\/politicosaldesnudo.com.mx\/wp-content\/uploads\/2022\/05\/P-TRABAJO5-1024x573.png\" alt=\"\" width=\"800\" height=\"448\" \/><\/p>\n<p>&nbsp;<\/p>\n<blockquote><p><span style=\"font-size: 14pt;\">Nosotros consideramos que se necesita que el Estado promueva el desarrollo como se necesita tambi\u00e9n la inversi\u00f3n privada y se necesita el sector social. Son los tres motores para el crecimiento econ\u00f3mico: sector privado, sector p\u00fablico y sector social; repito: en el sector social est\u00e1n los trabajadores, as\u00ed es como podemos sacar adelante a nuestro pa\u00eds\u201d, remarc\u00f3.<\/span><\/p><\/blockquote>\n<p><span style=\"font-size: 14pt;\">Inform\u00f3 que en los \u00faltimos a\u00f1os Tabasco se ha posicionado en el primer lugar en empleo y crecimiento a nivel nacional por las inversiones que se realizan.<\/span><\/p>\n<blockquote><p><span style=\"font-size: 14pt;\">Vamos a seguir invirtiendo en obras porque tienen un efecto multiplicador. Se hacen las obras, las plantas, que son indispensables para el desarrollo, se reactiva la econom\u00eda en los estados de abajo hacia arriba y se generan empleos, por eso vamos a seguir con esta pol\u00edtica\u201d, afirm\u00f3.<\/span><\/p><\/blockquote>\n<p><span style=\"font-size: 14pt;\">El mandatario record\u00f3 los or\u00edgenes del<strong> D\u00eda Internacional del Trabajo, que se remonta al movimiento que iniciaron obreros de Chicago en 1886<\/strong> para exigir jornadas laborales justas, d\u00edas de descanso y otras prestaciones fundamentales.<\/span><\/p>\n<p>&nbsp;<\/p>\n<p>&nbsp;<\/p>\n","protected":false},"excerpt":{"rendered":"<p>Tabasco. El presidente Andr\u00e9s Manuel L\u00f3pez Obrador encabez\u00f3 la conmemoraci\u00f3n del D\u00eda Internacional del Trabajo en la Refiner\u00eda Olmeca,\u00a0donde reconoci\u00f3<\/p>\n","protected":false},"author":4,"featured_media":3766,"comment_status":"closed","ping_status":"closed","sticky":false,"template":"","format":"standard","meta":{"colormag_page_container_layout":"default_layout","colormag_page_sidebar_layout":"default_layout","_jetpack_memberships_contains_paid_content":false,"footnotes":"","jetpack_publicize_message":"","jetpack_publicize_feature_enabled":true,"jetpack_social_post_already_shared":false,"jetpack_social_options":{"image_generator_settings":{"template":"highway","default_image_id":0,"font":"","enabled":false},"version":2}},"categories":[4],"tags":[65,534,536,537,535],"class_list":["post-3765","post","type-post","status-publish","format-standard","has-post-thumbnail","hentry","category-nacional","tag-andres-manuel-lopez-obrador","tag-dia-del-trabajo","tag-refineria-olmeca","tag-tabasco","tag-trabajadores"],"jetpack_publicize_connections":[],"jetpack_featured_media_url":"https:\/\/noticiasveracruz.com\/wp-content\/uploads\/2022\/05\/P-TRABAJO1.png","jetpack_sharing_enabled":true,"publishpress_future_action":{"enabled":false,"date":"2026-05-03 20:33:08","action":"change-status","newStatus":"draft","terms":[],"taxonomy":"category","extraData":[]},"publishpress_future_workflow_manual_trigger":{"enabledWorkflows":[]},"_links":{"self":[{"href":"https:\/\/noticiasveracruz.com\/index.php\/wp-json\/wp\/v2\/posts\/3765","targetHints":{"allow":["GET"]}}],"collection":[{"href":"https:\/\/noticiasveracruz.com\/index.php\/wp-json\/wp\/v2\/posts"}],"about":[{"href":"https:\/\/noticiasveracruz.com\/index.php\/wp-json\/wp\/v2\/types\/post"}],"author":[{"embeddable":true,"href":"https:\/\/noticiasveracruz.com\/index.php\/wp-json\/wp\/v2\/users\/4"}],"replies":[{"embeddable":true,"href":"https:\/\/noticiasveracruz.com\/index.php\/wp-json\/wp\/v2\/comments?post=3765"}],"version-history":[{"count":0,"href":"https:\/\/noticiasveracruz.com\/index.php\/wp-json\/wp\/v2\/posts\/3765\/revisions"}],"wp:featuredmedia":[{"embeddable":true,"href":"https:\/\/noticiasveracruz.com\/index.php\/wp-json\/wp\/v2\/media\/3766"}],"wp:attachment":[{"href":"https:\/\/noticiasveracruz.com\/index.php\/wp-json\/wp\/v2\/media?parent=3765"}],"wp:term":[{"taxonomy":"category","embeddable":true,"href":"https:\/\/noticiasveracruz.com\/index.php\/wp-json\/wp\/v2\/categories?post=3765"},{"taxonomy":"post_tag","embeddable":true,"href":"https:\/\/noticiasveracruz.com\/index.php\/wp-json\/wp\/v2\/tags?post=3765"}],"curies":[{"name":"wp","href":"https:\/\/api.w.org\/{rel}","templated":true}]}}