{"id":37631,"date":"2024-08-12T08:08:03","date_gmt":"2024-08-12T13:08:03","guid":{"rendered":"https:\/\/noticiasveracruz.com\/?p=37631"},"modified":"2024-08-12T08:08:03","modified_gmt":"2024-08-12T13:08:03","slug":"participa-con-toda-la-familia-en-la-rodada-6-k-que-se-realizara-hoy","status":"publish","type":"post","link":"https:\/\/noticiasveracruz.com\/index.php\/2024\/08\/12\/participa-con-toda-la-familia-en-la-rodada-6-k-que-se-realizara-hoy\/","title":{"rendered":"Participa con toda la familia en la \u201cRodada 6 K\u201d que se realizar\u00e1 hoy"},"content":{"rendered":"<p><span style=\"font-size: 14pt;\">Playeras gratis a las 200 primeras personas que se inscriban y rifa de regalos para los participantes<\/span><\/p>\n<p><span style=\"font-size: 14pt;\">La Secretar\u00eda de Salud, los Servicios de Salud de Veracruz (SESVER), el H. Ayuntamiento y DIF Tuxpan invitan a la Rodada 6 K, que se realizar\u00e1 ma\u00f1ana lunes 12 de agosto, a las 18:00 horas, partiendo de la Unidad Deportiva \u201cEnrique Valdez Constantino\u201d.<\/span><\/p>\n<p><span style=\"font-size: 14pt;\">Se regalar\u00e1n playeras a las primeras 200 personas que se inscriban. Adem\u00e1s, habr\u00e1 rifa de regalos para los participantes.<\/span><\/p>\n<p><span style=\"font-size: 14pt;\">La salida ser\u00e1 en la Unidad Deportiva y el recorrido se realizar\u00e1 por todo el bulevar, con retorno frente a la presidencia municipal y meta en el lugar de partida.<\/span><\/p>\n<p><span style=\"font-size: 14pt;\">Es obligatorio el uso de casco, como medida de protecci\u00f3n para los participantes. El registro podr\u00e1 realizarse escaneando el c\u00f3digo QR que aparece en la imagen.<\/span><\/p>\n<p><span style=\"font-size: 14pt;\">Esta rodada se realiza en el marco de la Semana Nacional de Salud P\u00fablica 2024, que inicia ma\u00f1ana lunes, en la Unidad Deportiva.<\/span><\/p>\n<p><span style=\"font-size: 14pt;\">\u00a1Ponte a mano con tu salud! Participa con toda la familia en esta Rodad 6 K.<\/span><\/p>\n","protected":false},"excerpt":{"rendered":"<p>Playeras gratis a las 200 primeras personas que se inscriban y rifa de regalos para los participantes La Secretar\u00eda de<\/p>\n","protected":false},"author":4,"featured_media":37632,"comment_status":"closed","ping_status":"closed","sticky":false,"template":"","format":"standard","meta":{"colormag_page_container_layout":"default_layout","colormag_page_sidebar_layout":"default_layout","_jetpack_memberships_contains_paid_content":false,"footnotes":"","jetpack_publicize_message":"","jetpack_publicize_feature_enabled":true,"jetpack_social_post_already_shared":true,"jetpack_social_options":{"image_generator_settings":{"template":"highway","default_image_id":0,"font":"","enabled":false},"version":2}},"categories":[3372,356],"tags":[],"class_list":["post-37631","post","type-post","status-publish","format-standard","has-post-thumbnail","hentry","category-gobierno-tuxpan","category-veracruz"],"jetpack_publicize_connections":[],"jetpack_featured_media_url":"https:\/\/noticiasveracruz.com\/wp-content\/uploads\/2024\/08\/1a7e9098-60f4-4401-a492-cb06759f2293.jpg","jetpack_sharing_enabled":true,"publishpress_future_action":{"enabled":false,"date":"2026-05-10 09:02:54","action":"change-status","newStatus":"draft","terms":[],"taxonomy":"category","extraData":[]},"publishpress_future_workflow_manual_trigger":{"enabledWorkflows":[]},"_links":{"self":[{"href":"https:\/\/noticiasveracruz.com\/index.php\/wp-json\/wp\/v2\/posts\/37631","targetHints":{"allow":["GET"]}}],"collection":[{"href":"https:\/\/noticiasveracruz.com\/index.php\/wp-json\/wp\/v2\/posts"}],"about":[{"href":"https:\/\/noticiasveracruz.com\/index.php\/wp-json\/wp\/v2\/types\/post"}],"author":[{"embeddable":true,"href":"https:\/\/noticiasveracruz.com\/index.php\/wp-json\/wp\/v2\/users\/4"}],"replies":[{"embeddable":true,"href":"https:\/\/noticiasveracruz.com\/index.php\/wp-json\/wp\/v2\/comments?post=37631"}],"version-history":[{"count":0,"href":"https:\/\/noticiasveracruz.com\/index.php\/wp-json\/wp\/v2\/posts\/37631\/revisions"}],"wp:featuredmedia":[{"embeddable":true,"href":"https:\/\/noticiasveracruz.com\/index.php\/wp-json\/wp\/v2\/media\/37632"}],"wp:attachment":[{"href":"https:\/\/noticiasveracruz.com\/index.php\/wp-json\/wp\/v2\/media?parent=37631"}],"wp:term":[{"taxonomy":"category","embeddable":true,"href":"https:\/\/noticiasveracruz.com\/index.php\/wp-json\/wp\/v2\/categories?post=37631"},{"taxonomy":"post_tag","embeddable":true,"href":"https:\/\/noticiasveracruz.com\/index.php\/wp-json\/wp\/v2\/tags?post=37631"}],"curies":[{"name":"wp","href":"https:\/\/api.w.org\/{rel}","templated":true}]}}