{"id":3760,"date":"2022-05-01T22:17:17","date_gmt":"2022-05-02T03:17:17","guid":{"rendered":"https:\/\/noticiasveracruz.com\/?p=3760"},"modified":"2022-05-01T22:17:17","modified_gmt":"2022-05-02T03:17:17","slug":"con-orgullo-agentes-municipales-serviran-a-sus-pueblos-hasta-2026","status":"publish","type":"post","link":"https:\/\/noticiasveracruz.com\/index.php\/2022\/05\/01\/con-orgullo-agentes-municipales-serviran-a-sus-pueblos-hasta-2026\/","title":{"rendered":"Con orgullo agentes municipales servir\u00e1n a sus pueblos hasta 2026"},"content":{"rendered":"<p class=\"p2\"><span style=\"font-size: 14pt;\"><em><strong>Tuxpan.<\/strong> <\/em>En sesi\u00f3n solemne de cabildo se realiz\u00f3 la entrega de <strong>constancias de mayor\u00eda a los agentes y subagentes municipales<\/strong> y se les tom\u00f3 la protesta de ley. <strong>Estos servidores p\u00fablicos estar\u00e1n en funciones hasta el 30 de abril del 2026. <\/strong><\/span><\/p>\n<p class=\"p2\"><span style=\"font-size: 14pt;\"><strong>El alcalde Jos\u00e9 Manuel Pozos Castro<\/strong> en su intervenci\u00f3n <strong>dijo que ser agente o<span class=\"Apple-converted-space\">\u00a0 <\/span>Subagente Municipal implica una gran responsabilidad<\/strong> y desde hoy deber\u00e1n conducirse con rectitud, sin utilizar su cargo para obtener alg\u00fan beneficio, provecho o ventaja personal. <\/span><\/p>\n<blockquote>\n<p class=\"p2\"><span style=\"font-size: 14pt;\">Cada uno de ustedes puede sentirse orgulloso de que tienen una representaci\u00f3n emanada del pueblo, porque ganaron el cargo a trav\u00e9s de una elecci\u00f3n democr\u00e1tica\u201d, destac\u00f3.<\/span><\/p>\n<\/blockquote>\n<p class=\"p2\"><span style=\"font-size: 14pt;\">En su mensaje dijo tener <\/span><strong><span style=\"font-size: 14pt;\">la plena seguridad que todas y todos se habr\u00e1n de desempe\u00f1ar bajo los principios de disciplina, legalidad, honradez, lealtad yrendici\u00f3n de cuentas.<\/span><\/strong><\/p>\n<blockquote>\n<p class=\"p2\"><span style=\"font-size: 14pt;\">Ser Agente o Sub-agente Municipal es motivo de gran orgullo, porque el verdadero poder de servir se los ha otorgado el pueblo\u201d, reafirm\u00f3.<\/span><\/p>\n<\/blockquote>\n<p class=\"p2\"><span style=\"font-size: 14pt;\">Pozos Castro a\u00f1adi\u00f3 que no hay privilegio m\u00e1s grande, que el<span class=\"Apple-converted-space\">\u00a0 <\/span>devolver la esperanza y llevar bienestar a nuestra gente.<\/span><\/p>\n<p>&nbsp;<\/p>\n<p><img loading=\"lazy\" decoding=\"async\" class=\"aligncenter wp-image-4596 size-large\" src=\"https:\/\/politicosaldesnudo.com.mx\/wp-content\/uploads\/2022\/05\/P-TUXPAN2-1024x573.png\" alt=\"\" width=\"800\" height=\"448\" \/><\/p>\n<p>&nbsp;<\/p>\n<p class=\"p2\"><strong><span style=\"font-size: 14pt;\">Fueron un total de 74 constancias de mayor\u00eda las que se entregaron a los Agentes y Subagentes<span class=\"Apple-converted-space\">\u00a0 <\/span>municipales y sus suplentes. <\/span><\/strong><\/p>\n<p class=\"p2\"><span style=\"font-size: 14pt;\">En esta sesi\u00f3n solemne de cabildo estuvieron presentes la Sindica Maestra Beatriz Pi\u00f1a Vergara; los regidores y regidoras, Mar\u00eda del Pilar Mart\u00ednez Matesanz, Maryanela Cleotilde Monroy Flores, Anah\u00ed Aguilar L\u00f3pez, Juan G\u00f3mez Garc\u00eda, Lucero Magdalena Resendis, Luis Demetrio L\u00f3pez Mar\u00edn, Axel Andr\u00e9s Bernal Herrera y Luciano Antonio Folgueras,<span class=\"Apple-converted-space\">\u00a0 <\/span>el secretario del Ayuntamiento Jos\u00e9 Armando Huesca Ovando y el diputado Genaro Ib\u00e1\u00f1ez.<\/span><\/p>\n<p>&nbsp;<\/p>\n","protected":false},"excerpt":{"rendered":"<p>Tuxpan. En sesi\u00f3n solemne de cabildo se realiz\u00f3 la entrega de constancias de mayor\u00eda a los agentes y subagentes municipales<\/p>\n","protected":false},"author":4,"featured_media":3761,"comment_status":"closed","ping_status":"closed","sticky":false,"template":"","format":"standard","meta":{"colormag_page_container_layout":"default_layout","colormag_page_sidebar_layout":"default_layout","_jetpack_memberships_contains_paid_content":false,"footnotes":"","jetpack_publicize_message":"","jetpack_publicize_feature_enabled":true,"jetpack_social_post_already_shared":false,"jetpack_social_options":{"image_generator_settings":{"template":"highway","default_image_id":0,"font":"","enabled":false},"version":2}},"categories":[356],"tags":[533,532,72,73],"class_list":["post-3760","post","type-post","status-publish","format-standard","has-post-thumbnail","hentry","category-veracruz","tag-agentes-municipales","tag-juan-manuel-pozos","tag-tuxpan","tag-veracruz"],"jetpack_publicize_connections":[],"jetpack_featured_media_url":"https:\/\/noticiasveracruz.com\/wp-content\/uploads\/2022\/05\/P-TUXPAN1.png","jetpack_sharing_enabled":true,"publishpress_future_action":{"enabled":false,"date":"2026-05-08 02:13:32","action":"change-status","newStatus":"draft","terms":[],"taxonomy":"category","extraData":[]},"publishpress_future_workflow_manual_trigger":{"enabledWorkflows":[]},"_links":{"self":[{"href":"https:\/\/noticiasveracruz.com\/index.php\/wp-json\/wp\/v2\/posts\/3760","targetHints":{"allow":["GET"]}}],"collection":[{"href":"https:\/\/noticiasveracruz.com\/index.php\/wp-json\/wp\/v2\/posts"}],"about":[{"href":"https:\/\/noticiasveracruz.com\/index.php\/wp-json\/wp\/v2\/types\/post"}],"author":[{"embeddable":true,"href":"https:\/\/noticiasveracruz.com\/index.php\/wp-json\/wp\/v2\/users\/4"}],"replies":[{"embeddable":true,"href":"https:\/\/noticiasveracruz.com\/index.php\/wp-json\/wp\/v2\/comments?post=3760"}],"version-history":[{"count":0,"href":"https:\/\/noticiasveracruz.com\/index.php\/wp-json\/wp\/v2\/posts\/3760\/revisions"}],"wp:featuredmedia":[{"embeddable":true,"href":"https:\/\/noticiasveracruz.com\/index.php\/wp-json\/wp\/v2\/media\/3761"}],"wp:attachment":[{"href":"https:\/\/noticiasveracruz.com\/index.php\/wp-json\/wp\/v2\/media?parent=3760"}],"wp:term":[{"taxonomy":"category","embeddable":true,"href":"https:\/\/noticiasveracruz.com\/index.php\/wp-json\/wp\/v2\/categories?post=3760"},{"taxonomy":"post_tag","embeddable":true,"href":"https:\/\/noticiasveracruz.com\/index.php\/wp-json\/wp\/v2\/tags?post=3760"}],"curies":[{"name":"wp","href":"https:\/\/api.w.org\/{rel}","templated":true}]}}