{"id":3758,"date":"2022-04-30T15:48:05","date_gmt":"2022-04-30T20:48:05","guid":{"rendered":"https:\/\/noticiasveracruz.com\/?p=3758"},"modified":"2022-04-30T15:48:05","modified_gmt":"2022-04-30T20:48:05","slug":"tuxpan-puerto-de-libros","status":"publish","type":"post","link":"https:\/\/noticiasveracruz.com\/index.php\/2022\/04\/30\/tuxpan-puerto-de-libros\/","title":{"rendered":"Tuxpan, puerto de libros"},"content":{"rendered":"<div dir=\"ltr\">\n<p>&nbsp;<\/p>\n<p><strong><span style=\"font-size: 18pt;\">Por Jos\u00e9 Garc\u00eda S\u00e1nchez<\/span><\/strong><\/p>\n<p><span style=\"font-size: 14pt;\"><strong>La visi\u00f3n de la existencia de una polarizaci\u00f3n social proviene de una parte de la sociedad.<\/strong> Cuando en realidad existe esta situaci\u00f3n entre la poblaci\u00f3n el antagonismo se siente en las calles, hay choques en cualquier lugar. No es el caso. Ahora, puede decirse que \u00fanicamente, y de manera aislada, hay rechazo a ciertos grupos que no logran identificarse con el grueso de la poblaci\u00f3n.<\/span><\/p>\n<blockquote><p><span style=\"font-size: 14pt;\">Si tomamos en cuenta la aceptaci\u00f3n que tiene el Presidente de la Rep\u00fablica resulta l\u00f3gico que haya municipios enteros donde pr\u00e1cticamente todos est\u00e1n a favor de la Cuarta Transformaci\u00f3n, esto sucede es en el norte de Veracruz.<\/span><\/p><\/blockquote>\n<p><span style=\"font-size: 14pt;\"><strong>En Tuxpan, por ejemplo, la sociedad participa en armon\u00eda para la satisfacci\u00f3n de necesidades comunitarias, no s\u00f3lo contribuye a solucionar su propia problem\u00e1tica sino que ayuda a mantener una ciudad limpia<\/strong>, en m\u00e1s de un sentido, de tal suerte que es la propia poblaci\u00f3n la que impide que haya malos elementos.<\/span><\/p>\n<p><span style=\"font-size: 14pt;\">Limpiaron unidos grades extensiones de playa antes de Semana Santa, coordinados por el alcalde, quien meti\u00f3 los pies en la arena para realizar esta labor, como sucede en otros \u00e1mbitos del trabajo comunitario donde se unen espont\u00e1neamente personas de municipios aleda\u00f1os, acompa\u00f1ando a marinos, soldados, empleados del gobierno local. La polarizaci\u00f3n no existe, tampoco el rechazo contra quienes piensan diferente. Llegan visitantes como nunca antes y admiran paisajes que comparten no s\u00f3lo el espacio sino los sentimientos. Porque no puede haber diferencias entre quienes contemplan un mismo amanecer.<\/span><\/p>\n<p><strong><span style=\"font-size: 14pt;\">Tuxpan es un lugar lleno de historia en general y revolucionaria en particular, de sus playas salieron Fidel Castro y el Che Guevara en el\u00a0<i>Granma<\/i>\u00a0a Cuba para iniciar la Revoluci\u00f3n Cubana, el museo de sitio que da cuenta de esta haza\u00f1a, ha sido restaurado, su remozamiento renov\u00f3 la memoria de gestas de hombres y mujeres que, en ese lugar, hicieron historia unidos.<\/span><\/strong><\/p>\n<p><span style=\"font-size: 14pt;\">Es uno de los puertos m\u00e1s importantes del continente y tiene atractivos profundos. La ciudad, &#8211;rodeada de agua, porque hay playa, r\u00edo y laguna en su alrededor&#8211;, acaba de concluir una administraci\u00f3n panista, que dej\u00f3 malos recuerdos. Es probable que esto haya contribuido a la unidad tuxpe\u00f1a que da la cara a la historia transformando su h\u00e1bitat entre todos, e impulsando su tierra para que el turismo siga sumando n\u00fameros y rompiendo l\u00edmites como sucedi\u00f3 en d\u00edas pasados cuando sus playas se abarrotaron de visitantes.<\/span><\/p>\n<p><strong><span style=\"font-size: 14pt;\">La singularidad del lugar se renueva siempre y esta vez muestra un apego a la historia, por convicciones individuales presentes, hoy, su nombre se escucha fuera de M\u00e9xico como un punto en la historia de cambios. El Fondo de Cultura Econ\u00f3mica abri\u00f3 una librer\u00eda en La Habana, le llam\u00f3 como deber\u00eda: Tuxpan.<\/span><\/strong><\/p>\n<p><span style=\"font-size: 14pt;\">As\u00ed los libros ser\u00e1n una ventana que comunica a los vecinos con una misma historia, los hermana y fortalece.<\/span><\/p>\n<\/div>\n<p>&nbsp;<\/p>\n<div dir=\"ltr\"><span style=\"font-size: 18pt;\"><strong>Cortes\u00eda de <a href=\"https:\/\/www.contrareplica.mx\/\">Contrar\u00e9plica<\/a><\/strong><\/span><\/div>\n<div dir=\"ltr\"><span style=\"font-size: 18pt;\"><strong>Con autorizaci\u00f3n del autor<\/strong><\/span><\/div>\n<div dir=\"ltr\"><\/div>\n<div dir=\"ltr\"><span style=\"font-size: 18pt;\"><strong>Twitter:\u00a0<a href=\"https:\/\/twitter.com\/Josangasa3\">@Josangasa3<\/a><\/strong><\/span><\/div>\n<div dir=\"ltr\"><\/div>\n<div dir=\"ltr\"><\/div>\n<div dir=\"ltr\"><\/div>\n<div dir=\"ltr\"><\/div>\n","protected":false},"excerpt":{"rendered":"<p>&nbsp; Por Jos\u00e9 Garc\u00eda S\u00e1nchez La visi\u00f3n de la existencia de una polarizaci\u00f3n social proviene de una parte de la<\/p>\n","protected":false},"author":4,"featured_media":3183,"comment_status":"closed","ping_status":"closed","sticky":false,"template":"","format":"standard","meta":{"colormag_page_container_layout":"default_layout","colormag_page_sidebar_layout":"default_layout","_jetpack_memberships_contains_paid_content":false,"footnotes":"","jetpack_publicize_message":"","jetpack_publicize_feature_enabled":true,"jetpack_social_post_already_shared":false,"jetpack_social_options":{"image_generator_settings":{"template":"highway","default_image_id":0,"font":"","enabled":false},"version":2}},"categories":[6],"tags":[114,72],"class_list":["post-3758","post","type-post","status-publish","format-standard","has-post-thumbnail","hentry","category-columnistas","tag-cuarta-transformacion","tag-tuxpan"],"jetpack_publicize_connections":[],"jetpack_featured_media_url":"https:\/\/noticiasveracruz.com\/wp-content\/uploads\/2022\/04\/NV-JOSE\u0301-GARCI\u0301A.png","jetpack_sharing_enabled":true,"publishpress_future_action":{"enabled":false,"date":"2026-05-08 03:15:03","action":"change-status","newStatus":"draft","terms":[],"taxonomy":"category","extraData":[]},"publishpress_future_workflow_manual_trigger":{"enabledWorkflows":[]},"_links":{"self":[{"href":"https:\/\/noticiasveracruz.com\/index.php\/wp-json\/wp\/v2\/posts\/3758","targetHints":{"allow":["GET"]}}],"collection":[{"href":"https:\/\/noticiasveracruz.com\/index.php\/wp-json\/wp\/v2\/posts"}],"about":[{"href":"https:\/\/noticiasveracruz.com\/index.php\/wp-json\/wp\/v2\/types\/post"}],"author":[{"embeddable":true,"href":"https:\/\/noticiasveracruz.com\/index.php\/wp-json\/wp\/v2\/users\/4"}],"replies":[{"embeddable":true,"href":"https:\/\/noticiasveracruz.com\/index.php\/wp-json\/wp\/v2\/comments?post=3758"}],"version-history":[{"count":0,"href":"https:\/\/noticiasveracruz.com\/index.php\/wp-json\/wp\/v2\/posts\/3758\/revisions"}],"wp:featuredmedia":[{"embeddable":true,"href":"https:\/\/noticiasveracruz.com\/index.php\/wp-json\/wp\/v2\/media\/3183"}],"wp:attachment":[{"href":"https:\/\/noticiasveracruz.com\/index.php\/wp-json\/wp\/v2\/media?parent=3758"}],"wp:term":[{"taxonomy":"category","embeddable":true,"href":"https:\/\/noticiasveracruz.com\/index.php\/wp-json\/wp\/v2\/categories?post=3758"},{"taxonomy":"post_tag","embeddable":true,"href":"https:\/\/noticiasveracruz.com\/index.php\/wp-json\/wp\/v2\/tags?post=3758"}],"curies":[{"name":"wp","href":"https:\/\/api.w.org\/{rel}","templated":true}]}}