{"id":37575,"date":"2024-08-11T01:36:10","date_gmt":"2024-08-11T06:36:10","guid":{"rendered":"https:\/\/noticiasveracruz.com\/?p=37575"},"modified":"2024-08-11T01:36:10","modified_gmt":"2024-08-11T06:36:10","slug":"fluye-a-cuentagotas-la-circulacion-en-la-mexico-puebla","status":"publish","type":"post","link":"https:\/\/noticiasveracruz.com\/index.php\/2024\/08\/11\/fluye-a-cuentagotas-la-circulacion-en-la-mexico-puebla\/","title":{"rendered":"Fluye a cuentagotas la circulaci\u00f3n en la M\u00e9xico-Puebla"},"content":{"rendered":"<div>\n<div id=\"content-body-225-12376190\">\n<p><span style=\"font-size: 14pt;\">La circulaci\u00f3n vehicular en la\u00a0carretera M\u00e9xico-Puebla\u00a0se reactiv\u00f3 luego de que los\u00a0ejidatarios\u00a0de\u00a0Ignacio L\u00f3pez Ray\u00f3n\u00a0abrieron un carril\u00a0en ambos sentidos de la vialidad, aunque mantienen su\u00a0plant\u00f3n\u00a0a la altura del kil\u00f3metro 70 en demanda del pago de sus tierras, vendidas el siglo pasado para la construcci\u00f3n de dicha carretera.<\/span><\/p>\n<p><span style=\"font-size: 14pt;\">El secretario de Gobierno del estado, Javier Aquino Lim\u00f3n, inform\u00f3 que los habitantes de esa comunidad del\u00a0municipio de Tlahuapan\u00a0podr\u00e1n ser denunciados por los particulares que fueron\u00a0afectados durante el bloqueo\u00a0de dicha autopista.<\/span><\/p>\n<\/div>\n<\/div>\n<article>\n<div id=\"content-body-5851641-12376190\">\n<p><span style=\"font-size: 14pt;\">\u201cLas\u00a0afectaciones\u00a0a terceros son muy delicadas y si alg\u00fan particular decide denunciar, porque su carga se da\u00f1\u00f3 o no lleg\u00f3 a alg\u00fan lugar en el que ten\u00eda alguna actividad lo puede hacer. Eso corre en una v\u00eda totalmente distinta al di\u00e1logo que tuvimos\u201d, dijo el funcionario poblano tras se\u00f1alar que el caso podr\u00eda llegar a la\u00a0Fiscal\u00eda General de la Rep\u00fablica (FGR).<\/span><\/p>\n<p><span style=\"font-size: 14pt;\">Aquino Lim\u00f3n explic\u00f3 que los campesinos que\u00a0bloquean la autopista\u00a0son del ejido Ignacio L\u00f3pez Ray\u00f3n, quienes exigen un pago similar al que se dio en 2018 a los de Santa Rita Tlahuapan, por casi\u00a0180 millones de pesos.<\/span><\/p>\n<p><span style=\"font-size: 14pt;\">Abogados\u00a0consultados por El Sol de Puebla coincidieron en que el cierre vial que dej\u00f3 por casi\u00a048 horas\u00a0continuas a personas incomunicadas y sin poder conseguir\u00a0alimentos\u00a0evidenci\u00f3 la fragilidad del Estado mexicano frente al cumplimiento de la ley, pues ninguna normativa reconoce que el\u00a0derecho a manifestarse\u00a0sea mayor a la libertad de tr\u00e1nsito de la poblaci\u00f3n.<\/span><\/p>\n<p><span style=\"font-size: 14pt;\">\u201cSi bien la Constituci\u00f3n Pol\u00edtica de los Estados Unidos Mexicanos reconoce en su art\u00edculo sexto el\u00a0derecho a la libre manifestaci\u00f3n\u00a0de la poblaci\u00f3n, inclusive cuando se\u00a0trata de injusticias cometidas por autoridades, el estatuto es claro en detallar que la protesta no puede\u00a0violentar los derechos humanos\u00a0y civiles de terceros, como lo hace un bloqueo total\u201d, apunt\u00f3 el abogado Jonathan Amaro Hern\u00e1ndez, egresado de la\u00a0Escuela Libre de Derecho de Puebla (ELDP).<\/span><\/p>\n<p><span style=\"font-size: 14pt;\">En contraste, Roberto Rosete, abogado de esa misma instituci\u00f3n y acad\u00e9mico de la Universidad Iberoamericana Puebla, dijo que las leyes fueron redactadas de forma ambigua, por lo que el Estado las ha ocupado hist\u00f3ricamente para reprimir y criminalizar las protestas. El litigante consider\u00f3 que \u201cla libertad de\u00a0manifestaci\u00f3n\u00a0ejerce un peso mayor a la de tr\u00e1nsito siempre y cuando no se vulneren otros derechos humanos de la poblaci\u00f3n\u201d.<\/span><\/p>\n<p><span style=\"font-size: 14pt;\">Los ejidatarios de\u00a0Ignacio L\u00f3pez Ray\u00f3n\u00a0aseguran que poco m\u00e1s de\u00a0176 millones de pesos\u00a0que el Gobierno federal dio al ejido de Santa Rita Tlahuapan en 2018 no los consider\u00f3 a ellos, por lo que mantienen el plant\u00f3n en plena carretera.<\/span><\/p>\n<\/div>\n<\/article>\n","protected":false},"excerpt":{"rendered":"<p>La circulaci\u00f3n vehicular en la\u00a0carretera M\u00e9xico-Puebla\u00a0se reactiv\u00f3 luego de que los\u00a0ejidatarios\u00a0de\u00a0Ignacio L\u00f3pez Ray\u00f3n\u00a0abrieron un carril\u00a0en ambos sentidos de la vialidad,<\/p>\n","protected":false},"author":4,"featured_media":37576,"comment_status":"closed","ping_status":"closed","sticky":false,"template":"","format":"standard","meta":{"colormag_page_container_layout":"default_layout","colormag_page_sidebar_layout":"default_layout","_jetpack_memberships_contains_paid_content":false,"footnotes":"","jetpack_publicize_message":"","jetpack_publicize_feature_enabled":true,"jetpack_social_post_already_shared":true,"jetpack_social_options":{"image_generator_settings":{"template":"highway","default_image_id":0,"font":"","enabled":false},"version":2}},"categories":[4],"tags":[],"class_list":["post-37575","post","type-post","status-publish","format-standard","has-post-thumbnail","hentry","category-nacional"],"jetpack_publicize_connections":[],"jetpack_featured_media_url":"https:\/\/noticiasveracruz.com\/wp-content\/uploads\/2024\/08\/bloqueos.jpg","jetpack_sharing_enabled":true,"publishpress_future_action":{"enabled":false,"date":"2026-05-10 11:14:28","action":"change-status","newStatus":"draft","terms":[],"taxonomy":"category","extraData":[]},"publishpress_future_workflow_manual_trigger":{"enabledWorkflows":[]},"_links":{"self":[{"href":"https:\/\/noticiasveracruz.com\/index.php\/wp-json\/wp\/v2\/posts\/37575","targetHints":{"allow":["GET"]}}],"collection":[{"href":"https:\/\/noticiasveracruz.com\/index.php\/wp-json\/wp\/v2\/posts"}],"about":[{"href":"https:\/\/noticiasveracruz.com\/index.php\/wp-json\/wp\/v2\/types\/post"}],"author":[{"embeddable":true,"href":"https:\/\/noticiasveracruz.com\/index.php\/wp-json\/wp\/v2\/users\/4"}],"replies":[{"embeddable":true,"href":"https:\/\/noticiasveracruz.com\/index.php\/wp-json\/wp\/v2\/comments?post=37575"}],"version-history":[{"count":0,"href":"https:\/\/noticiasveracruz.com\/index.php\/wp-json\/wp\/v2\/posts\/37575\/revisions"}],"wp:featuredmedia":[{"embeddable":true,"href":"https:\/\/noticiasveracruz.com\/index.php\/wp-json\/wp\/v2\/media\/37576"}],"wp:attachment":[{"href":"https:\/\/noticiasveracruz.com\/index.php\/wp-json\/wp\/v2\/media?parent=37575"}],"wp:term":[{"taxonomy":"category","embeddable":true,"href":"https:\/\/noticiasveracruz.com\/index.php\/wp-json\/wp\/v2\/categories?post=37575"},{"taxonomy":"post_tag","embeddable":true,"href":"https:\/\/noticiasveracruz.com\/index.php\/wp-json\/wp\/v2\/tags?post=37575"}],"curies":[{"name":"wp","href":"https:\/\/api.w.org\/{rel}","templated":true}]}}