{"id":37571,"date":"2024-08-11T01:34:12","date_gmt":"2024-08-11T06:34:12","guid":{"rendered":"https:\/\/noticiasveracruz.com\/?p=37571"},"modified":"2024-08-11T01:34:12","modified_gmt":"2024-08-11T06:34:12","slug":"inicia-formalmente-proceso-contra-javier-corral-exgobernador-de-chihuahua","status":"publish","type":"post","link":"https:\/\/noticiasveracruz.com\/index.php\/2024\/08\/11\/inicia-formalmente-proceso-contra-javier-corral-exgobernador-de-chihuahua\/","title":{"rendered":"Inicia formalmente proceso contra Javier Corral, exgobernador de Chihuahua"},"content":{"rendered":"<div class=\"content-body clearfix \">\n<div id=\"content-body-225-12376264\">\n<p><span style=\"font-size: 14pt;\">El Tribunal Estatal de Justicia Administrativa inici\u00f3 formalmente el proceso administrativo en contra del exgobernador de Chihuahua, Javier Corral Jurado, por no declarar una propiedad adquirida en Ciudad Ju\u00e1rez y por no explicar la procedencia.<\/span><\/p>\n<article class=\"republica_justicia\nmedia col-md-4 inline-story \"><\/p>\n<div class=\"teaser \">\n<div class=\"img-container picture\"><span style=\"font-size: 14pt;\">Bajo el folio 073\/2024-3JRA qued\u00f3 asentado el asunto recibido por el Tribunal Estatal de Justicia Administrativa, luego de que la Secretar\u00eda de la Funci\u00f3n P\u00fablica Estatal resolviera turnar el caso, tras celebrarse una audiencia el pasado 23 de julio.<\/span><\/div>\n<\/div>\n<\/article>\n<\/div>\n<\/div>\n<article class=\"content-continued-body clearfix \">\n<div id=\"content-body-5851641-12376264\">\n<p><span style=\"font-size: 14pt;\">El asunto fue turnado al TEJA desde finales del mes de julio, instancia que determin\u00f3 que s\u00ed son competentes para llevar el caso en contra del exgobernador Javier Corral, por lo que el asunto fue radicado en ese tribunal, en donde se especifica que se trata de un proceso administrativo.<\/span><\/p>\n<p><span style=\"font-size: 14pt;\">Aunque no se trata de un proceso penal sino administrativo, podr\u00eda aplicarse una inhabilitaci\u00f3n en contra del exmandatario de Chihuahua. La denuncia fue interpuesta por el diputado local del PRI Omar Baz\u00e1n, el 13 de junio de 2022.<\/span><\/p>\n<\/div>\n<\/article>\n","protected":false},"excerpt":{"rendered":"<p>El Tribunal Estatal de Justicia Administrativa inici\u00f3 formalmente el proceso administrativo en contra del exgobernador de Chihuahua, Javier Corral Jurado,<\/p>\n","protected":false},"author":4,"featured_media":37573,"comment_status":"closed","ping_status":"closed","sticky":false,"template":"","format":"standard","meta":{"colormag_page_container_layout":"default_layout","colormag_page_sidebar_layout":"default_layout","_jetpack_memberships_contains_paid_content":false,"footnotes":"","jetpack_publicize_message":"","jetpack_publicize_feature_enabled":true,"jetpack_social_post_already_shared":true,"jetpack_social_options":{"image_generator_settings":{"template":"highway","default_image_id":0,"font":"","enabled":false},"version":2}},"categories":[4],"tags":[],"class_list":["post-37571","post","type-post","status-publish","format-standard","has-post-thumbnail","hentry","category-nacional"],"jetpack_publicize_connections":[],"jetpack_featured_media_url":"https:\/\/noticiasveracruz.com\/wp-content\/uploads\/2024\/08\/javier_corral.jpg","jetpack_sharing_enabled":true,"publishpress_future_action":{"enabled":false,"date":"2026-05-10 10:06:09","action":"change-status","newStatus":"draft","terms":[],"taxonomy":"category","extraData":[]},"publishpress_future_workflow_manual_trigger":{"enabledWorkflows":[]},"_links":{"self":[{"href":"https:\/\/noticiasveracruz.com\/index.php\/wp-json\/wp\/v2\/posts\/37571","targetHints":{"allow":["GET"]}}],"collection":[{"href":"https:\/\/noticiasveracruz.com\/index.php\/wp-json\/wp\/v2\/posts"}],"about":[{"href":"https:\/\/noticiasveracruz.com\/index.php\/wp-json\/wp\/v2\/types\/post"}],"author":[{"embeddable":true,"href":"https:\/\/noticiasveracruz.com\/index.php\/wp-json\/wp\/v2\/users\/4"}],"replies":[{"embeddable":true,"href":"https:\/\/noticiasveracruz.com\/index.php\/wp-json\/wp\/v2\/comments?post=37571"}],"version-history":[{"count":0,"href":"https:\/\/noticiasveracruz.com\/index.php\/wp-json\/wp\/v2\/posts\/37571\/revisions"}],"wp:featuredmedia":[{"embeddable":true,"href":"https:\/\/noticiasveracruz.com\/index.php\/wp-json\/wp\/v2\/media\/37573"}],"wp:attachment":[{"href":"https:\/\/noticiasveracruz.com\/index.php\/wp-json\/wp\/v2\/media?parent=37571"}],"wp:term":[{"taxonomy":"category","embeddable":true,"href":"https:\/\/noticiasveracruz.com\/index.php\/wp-json\/wp\/v2\/categories?post=37571"},{"taxonomy":"post_tag","embeddable":true,"href":"https:\/\/noticiasveracruz.com\/index.php\/wp-json\/wp\/v2\/tags?post=37571"}],"curies":[{"name":"wp","href":"https:\/\/api.w.org\/{rel}","templated":true}]}}