{"id":37567,"date":"2024-08-11T01:28:10","date_gmt":"2024-08-11T06:28:10","guid":{"rendered":"https:\/\/noticiasveracruz.com\/?p=37567"},"modified":"2024-08-11T01:28:10","modified_gmt":"2024-08-11T06:28:10","slug":"fue-inaugurada-la-edicion-75-de-la-expo-tuxpan-2024-la-feria-de-todos","status":"publish","type":"post","link":"https:\/\/noticiasveracruz.com\/index.php\/2024\/08\/11\/fue-inaugurada-la-edicion-75-de-la-expo-tuxpan-2024-la-feria-de-todos\/","title":{"rendered":"Fue inaugurada la edici\u00f3n 75 de la Expo Tuxpan 2024 \u201cLa Feria de Todos\u201d"},"content":{"rendered":"<ul>\n<li><em><strong><span style=\"font-size: 14pt;\">El alcalde Jos\u00e9 Manuel Pozos Castro coron\u00f3 a la reina Poulet 1\u00aa.<\/span><\/strong><\/em><\/li>\n<\/ul>\n<p><span style=\"font-size: 14pt;\">La edici\u00f3n n\u00famero 75 de la Expo Feria Tuxpan 2024 fue inaugurada la noche de este s\u00e1bado y las familias podr\u00e1n disfrutar de ella hasta el 25 de agosto.<\/span><\/p>\n<p><span style=\"font-size: 14pt;\">La inauguraci\u00f3n estuvo encabezada por el alcalde Jos\u00e9 Manuel Pozos Castro; el Gral. de Brigada Gonzalo Aguilar Escobedo, comandante de la 19\u00aa Zona Militar; el Ing. Jos\u00e9 Enrique Quiroz Aldana, presidente de la Asociaci\u00f3n Ganadera Local; Everardo Gustin S\u00e1nchez, presidente del Comit\u00e9 de la Expo Feria; el MVZ. \u00c1ngel Sol\u00eds Osorio, director general de Ganader\u00eda de la SEDARPA, en representaci\u00f3n del gobernador Cuitl\u00e1huac Garc\u00eda Jim\u00e9nez.<\/span><\/p>\n<p><span style=\"font-size: 14pt;\">El Lic. Armando Cuervo Cordero, presidente de la Uni\u00f3n Ganadera Zona Norte; el Lic. Luis Gerardo Marroqu\u00edn Salazar y el Ing. Tom\u00e1s Mart\u00ednez Garc\u00eda, presidente y delegado regional -respectivamente- de la Asociaci\u00f3n Mexicana de Criadores de Ganado Beefmaster; el Ing. Arturo Cruz, director de Educaci\u00f3n del Ayuntamiento de Poza Rica.<\/span><\/p>\n<p><span style=\"font-size: 14pt;\">Asimismo, el Lic. V\u00edctor Manuel Vargas Ram\u00edrez, secretario de la Mesa Directiva de la Asociaci\u00f3n Mexicana de Criadores de Ganado Suizo; Mart\u00edn Alberto Vargas Ram\u00edrez, representante de los expositores de ganado suizo de registro; Poulet G\u00f3mez Ch\u00e1vez, actual reina de la Expo Tuxpan y Brisa Rivera Garc\u00eda, reina de la Expo Tuxpan 2023.<\/span><\/p>\n<p><span style=\"font-size: 14pt;\">El presidente municipal Jos\u00e9 Manuel Pozos Castro coron\u00f3 a Poulet Emineth G\u00f3mez Ch\u00e1vez y le coloc\u00f3 la banda como Reina de la Expo Tuxpan 2024.<\/span><\/p>\n<p><span style=\"font-size: 14pt;\">En su mensaje, el mandatario se\u00f1al\u00f3 que esta fiesta es una gran expresi\u00f3n de cultura y tradici\u00f3n, donde se honra y reconoce a quienes por 75 a\u00f1os han dado vida y prestigio a esta feria ganadera y comercial.<\/span><\/p>\n<p><span style=\"font-size: 14pt;\">\u201cMi reconocimiento a todo el sector ganadero por contribuir al desarrollo econ\u00f3mico de Tuxpan, y poner muy en alto el nombre de nuestro municipio a nivel nacional. La gran actividad comercial que genera la Feria fortalece la econom\u00eda local y permite a artesanos, peque\u00f1as y medianas empresas, mostrar con orgullo lo que producen\u201d.<\/span><\/p>\n<p><span style=\"font-size: 14pt;\">Resalt\u00f3 que, durante m\u00e1s de 7 d\u00e9cadas, la Feria de Tuxpan se ha destacado por mostrar lo mejor de la ganader\u00eda Local, estatal y nacional, y en esta edici\u00f3n no ser\u00e1 la excepci\u00f3n: \u201cSe estar\u00e1 llevando a cabo la Muestra Nacional Beefmaster, la Exposici\u00f3n Nacional de Ganado Suizo de Registro y una gran Subasta de Ganado Selecto\u201d.<\/span><\/p>\n<p><span style=\"font-size: 14pt;\">Pozos Castro agradeci\u00f3 a las y los ganaderos la invitaci\u00f3n a la inauguraci\u00f3n de la Expo Tuxpan 2024: \u201cComo bien lo dicen su slogan, esta es La Feria de Todos, porque nos une como comunidad, en un ambiente de paz y tranquilidad\u201d, finaliz\u00f3.<\/span><\/p>\n<p><span style=\"font-size: 14pt;\">El presidente de la Asociaci\u00f3n Ganadera Local, Ing. Jos\u00e9 Enrique Quiroz Aldana resalt\u00f3 que la expo abarca una gran variedad de sectores como la ganader\u00eda, agricultura, comercio, artesan\u00eda y deporte. Agradeci\u00f3 el apoyo de las autoridades municipales, estatales y federales, as\u00ed como al consejo directivo y comit\u00e9 de feria.<\/span><\/p>\n<p><span style=\"font-size: 14pt;\">\u201cNos complace contar con su presidencia en este evento tan significativo, que se extender\u00e1 hasta el 25 de agosto brindando una amplia gama de actividades que ser\u00e1n del disfrute de todos. Que viva la Expo Ganadera con su magnificencia y esplendor\u201d.<\/span><\/p>\n<p><span style=\"font-size: 14pt;\">Por su parte, Everardo Gustin S\u00e1nchez, presidente del Comit\u00e9 de la Expo Feria, agreg\u00f3 que esta feria es una de las m\u00e1s importantes de la zona norte del estado de Veracruz, y que en esta ocasi\u00f3n su duraci\u00f3n ser\u00e1 de 15 d\u00edas, de los cuales en 6 de ellos la entrada ser\u00e1 completamente gratuita para que toda la poblaci\u00f3n pueda asistir.<\/span><\/p>\n<p><span style=\"font-size: 14pt;\">Indic\u00f3 que dentro del programa de esta expo se encuentran: la gran cabalgata, que se realizar\u00e1 el jueves 15 de agosto; el concurso de la vaca lechera, expo ganadera, teatro del pueblo, juegos mec\u00e1nicos, charrer\u00eda, elenco art\u00edstico, circo infantil, y diversas actividades familiares.<\/span><\/p>\n","protected":false},"excerpt":{"rendered":"<p>El alcalde Jos\u00e9 Manuel Pozos Castro coron\u00f3 a la reina Poulet 1\u00aa. La edici\u00f3n n\u00famero 75 de la Expo Feria<\/p>\n","protected":false},"author":4,"featured_media":37568,"comment_status":"closed","ping_status":"closed","sticky":false,"template":"","format":"standard","meta":{"colormag_page_container_layout":"default_layout","colormag_page_sidebar_layout":"default_layout","_jetpack_memberships_contains_paid_content":false,"footnotes":"","jetpack_publicize_message":"","jetpack_publicize_feature_enabled":true,"jetpack_social_post_already_shared":true,"jetpack_social_options":{"image_generator_settings":{"template":"highway","default_image_id":0,"font":"","enabled":false},"version":2}},"categories":[3372,356],"tags":[],"class_list":["post-37567","post","type-post","status-publish","format-standard","has-post-thumbnail","hentry","category-gobierno-tuxpan","category-veracruz"],"jetpack_publicize_connections":[],"jetpack_featured_media_url":"https:\/\/noticiasveracruz.com\/wp-content\/uploads\/2024\/08\/367bdb02-1da9-4ae1-b1f8-9dcd898ee3f7.jpg","jetpack_sharing_enabled":true,"publishpress_future_action":{"enabled":false,"date":"2026-05-10 09:02:28","action":"change-status","newStatus":"draft","terms":[],"taxonomy":"category","extraData":[]},"publishpress_future_workflow_manual_trigger":{"enabledWorkflows":[]},"_links":{"self":[{"href":"https:\/\/noticiasveracruz.com\/index.php\/wp-json\/wp\/v2\/posts\/37567","targetHints":{"allow":["GET"]}}],"collection":[{"href":"https:\/\/noticiasveracruz.com\/index.php\/wp-json\/wp\/v2\/posts"}],"about":[{"href":"https:\/\/noticiasveracruz.com\/index.php\/wp-json\/wp\/v2\/types\/post"}],"author":[{"embeddable":true,"href":"https:\/\/noticiasveracruz.com\/index.php\/wp-json\/wp\/v2\/users\/4"}],"replies":[{"embeddable":true,"href":"https:\/\/noticiasveracruz.com\/index.php\/wp-json\/wp\/v2\/comments?post=37567"}],"version-history":[{"count":0,"href":"https:\/\/noticiasveracruz.com\/index.php\/wp-json\/wp\/v2\/posts\/37567\/revisions"}],"wp:featuredmedia":[{"embeddable":true,"href":"https:\/\/noticiasveracruz.com\/index.php\/wp-json\/wp\/v2\/media\/37568"}],"wp:attachment":[{"href":"https:\/\/noticiasveracruz.com\/index.php\/wp-json\/wp\/v2\/media?parent=37567"}],"wp:term":[{"taxonomy":"category","embeddable":true,"href":"https:\/\/noticiasveracruz.com\/index.php\/wp-json\/wp\/v2\/categories?post=37567"},{"taxonomy":"post_tag","embeddable":true,"href":"https:\/\/noticiasveracruz.com\/index.php\/wp-json\/wp\/v2\/tags?post=37567"}],"curies":[{"name":"wp","href":"https:\/\/api.w.org\/{rel}","templated":true}]}}