{"id":3754,"date":"2022-04-30T15:39:37","date_gmt":"2022-04-30T20:39:37","guid":{"rendered":"https:\/\/noticiasveracruz.com\/?p=3754"},"modified":"2022-04-30T15:42:04","modified_gmt":"2022-04-30T20:42:04","slug":"pide-moreira-a-gutierrez-luna-que-recoja-su-balon-y-se-vaya-a-veracruz","status":"publish","type":"post","link":"https:\/\/noticiasveracruz.com\/index.php\/2022\/04\/30\/pide-moreira-a-gutierrez-luna-que-recoja-su-balon-y-se-vaya-a-veracruz\/","title":{"rendered":"Pide Moreira a Guti\u00e9rrez Luna: \u201cQue recoja su bal\u00f3n y se vaya a Veracruz\u201d"},"content":{"rendered":"<p class=\"p1\"><span style=\"font-size: 14pt;\"><strong><em>Ciudad de M\u00e9xico.<\/em> <\/strong>El pri\u00edsta\u00a0<strong>Rub\u00e9n Moreira<\/strong>, presidente de la\u00a0Junta de Coordinaci\u00f3n Pol\u00edtica\u00a0de la\u00a0C\u00e1mara de Diputados, <strong>pidi\u00f3 al presidente de la\u00a0Mesa Directiva, Sergio Guti\u00e9rrez Luna, \u201cque recoja su\u00a0bal\u00f3n y se vaya a Veracruz\u201d.<\/strong><\/span><\/p>\n<p class=\"p1\"><span style=\"font-size: 14pt;\">En alusi\u00f3n a el intercambio de bal\u00f3n que realiz\u00f3 en la C\u00e1mara de diputados el diputado morenista con el exjugador de futbol Luis Hern\u00e1ndez\u00a0El Matador.<\/span><\/p>\n<p class=\"p1\"><span style=\"font-size: 14pt;\">Lo anterior debido a que, seg\u00fan el coordinador de los diputados del\u00a0PRI,<strong> Guti\u00e9rrez Luna le coment\u00f3 al presidente\u00a0Andr\u00e9s Manuel L\u00f3pez Obrador\u00a0que respaldar\u00eda la\u00a0Ley Minera.<\/strong><\/span><\/p>\n<blockquote>\n<p class=\"p1\"><span style=\"font-size: 14pt;\">Yo me enter\u00e9 hace unos momentos de esa afirmaci\u00f3n, creo que no le informaron bien la Presidente de la Rep\u00fablica, creo que tambi\u00e9n quien le lleva los mensajes no es la persona correcta, yo creo incorrecto que el Presidente de la Mesa que representa al congreso ande haciendo esas afirmaciones que adem\u00e1s son falsas\u201d, dijo.<\/span><\/p>\n<\/blockquote>\n<p class=\"p1\"><span style=\"font-size: 14pt;\"><strong>Moreira Vald\u00e9s, esposo de la candidata del PRI a la gubernatura de Hidalgo<\/strong>, dijo que <strong>Guti\u00e9rrez Luna<\/strong> <strong>no le ha dado prestigio a la C\u00e1mara Baja por su falta de pr\u00e1ctica parlamentaria.<\/strong><\/span><\/p>\n<blockquote>\n<p class=\"p1\"><span style=\"font-size: 14pt;\">Yo le har\u00eda un llamado al presidente de la Mesa para que se concentre en su trabajo. Hemos sido prudentes con \u00e9l, pero \u00e9l no deber\u00eda ser el presidente de la C\u00e1mara \u00bfPor qu\u00e9? Porque no le da respeto ni prestigio a esta C\u00e1mara; \u00e9l no ha sido el \u00e1rbitro que todos requerimos ni el personaje digno que respete el recinto en que est\u00e1 la representaci\u00f3n del pueblo\u201d, coment\u00f3.<\/span><\/p>\n<\/blockquote>\n<p class=\"p1\"><span style=\"font-size: 14pt;\">Asimismo, se\u00f1al\u00f3 que el pri\u00edsta se extralimit\u00f3 haciendo comentarios que no existieron y tal vez se le ocurri\u00f3 hacer las afirmaciones porque no ten\u00eda nada m\u00e1s que platicarle a L\u00f3pez Obrador.<\/span><\/p>\n<p class=\"p1\"><span style=\"font-size: 14pt;\">El pri\u00edsta aclar\u00f3 que est\u00e1 a favor de que el litio sea propiedad del pa\u00eds, por lo que en la propuesta de Va por M\u00e9xico se plante\u00f3 c\u00f3mo debe ser la extracci\u00f3n y aprovechamiento del mismo.<\/span><\/p>\n<p>&nbsp;<\/p>\n","protected":false},"excerpt":{"rendered":"<p>Ciudad de M\u00e9xico. El pri\u00edsta\u00a0Rub\u00e9n Moreira, presidente de la\u00a0Junta de Coordinaci\u00f3n Pol\u00edtica\u00a0de la\u00a0C\u00e1mara de Diputados, pidi\u00f3 al presidente de la\u00a0Mesa<\/p>\n","protected":false},"author":4,"featured_media":3755,"comment_status":"closed","ping_status":"closed","sticky":false,"template":"","format":"standard","meta":{"colormag_page_container_layout":"default_layout","colormag_page_sidebar_layout":"default_layout","_jetpack_memberships_contains_paid_content":false,"footnotes":"","jetpack_publicize_message":"","jetpack_publicize_feature_enabled":true,"jetpack_social_post_already_shared":false,"jetpack_social_options":{"image_generator_settings":{"template":"highway","default_image_id":0,"font":"","enabled":false},"version":2}},"categories":[356],"tags":[84,194,531,83],"class_list":["post-3754","post","type-post","status-publish","format-standard","has-post-thumbnail","hentry","category-veracruz","tag-morena","tag-pri","tag-ruben-moreira","tag-sergio-gutierrez-luna"],"jetpack_publicize_connections":[],"jetpack_featured_media_url":"https:\/\/noticiasveracruz.com\/wp-content\/uploads\/2022\/04\/P-MOREIRA.png","jetpack_sharing_enabled":true,"publishpress_future_action":{"enabled":false,"date":"2026-05-08 04:11:45","action":"change-status","newStatus":"draft","terms":[],"taxonomy":"category","extraData":[]},"publishpress_future_workflow_manual_trigger":{"enabledWorkflows":[]},"_links":{"self":[{"href":"https:\/\/noticiasveracruz.com\/index.php\/wp-json\/wp\/v2\/posts\/3754","targetHints":{"allow":["GET"]}}],"collection":[{"href":"https:\/\/noticiasveracruz.com\/index.php\/wp-json\/wp\/v2\/posts"}],"about":[{"href":"https:\/\/noticiasveracruz.com\/index.php\/wp-json\/wp\/v2\/types\/post"}],"author":[{"embeddable":true,"href":"https:\/\/noticiasveracruz.com\/index.php\/wp-json\/wp\/v2\/users\/4"}],"replies":[{"embeddable":true,"href":"https:\/\/noticiasveracruz.com\/index.php\/wp-json\/wp\/v2\/comments?post=3754"}],"version-history":[{"count":0,"href":"https:\/\/noticiasveracruz.com\/index.php\/wp-json\/wp\/v2\/posts\/3754\/revisions"}],"wp:featuredmedia":[{"embeddable":true,"href":"https:\/\/noticiasveracruz.com\/index.php\/wp-json\/wp\/v2\/media\/3755"}],"wp:attachment":[{"href":"https:\/\/noticiasveracruz.com\/index.php\/wp-json\/wp\/v2\/media?parent=3754"}],"wp:term":[{"taxonomy":"category","embeddable":true,"href":"https:\/\/noticiasveracruz.com\/index.php\/wp-json\/wp\/v2\/categories?post=3754"},{"taxonomy":"post_tag","embeddable":true,"href":"https:\/\/noticiasveracruz.com\/index.php\/wp-json\/wp\/v2\/tags?post=3754"}],"curies":[{"name":"wp","href":"https:\/\/api.w.org\/{rel}","templated":true}]}}