{"id":3749,"date":"2022-04-30T10:24:51","date_gmt":"2022-04-30T15:24:51","guid":{"rendered":"https:\/\/noticiasveracruz.com\/?p=3749"},"modified":"2022-04-30T10:24:51","modified_gmt":"2022-04-30T15:24:51","slug":"lopez-obrador-y-biden-concretan-constructiva-platica-migratoria","status":"publish","type":"post","link":"https:\/\/noticiasveracruz.com\/index.php\/2022\/04\/30\/lopez-obrador-y-biden-concretan-constructiva-platica-migratoria\/","title":{"rendered":"Lopez Obrador y Biden, concretan constructiva pl\u00e1tica migratoria"},"content":{"rendered":"<p class=\"p1\"><span style=\"font-size: 14pt;\"><strong><em>Ciudad de M\u00e9xico.<\/em> <\/strong>Los <strong>presidentes de Estados Unidos, Joe Biden, y de M\u00e9xico, Andr\u00e9s Manuel L\u00f3pez Obrador<\/strong>, tuvieron <strong>conversaciones\u00a0\u00abconstructivas\u00bb<\/strong>, dijeron ambos gobiernos, en un momento en que funcionarios de los pa\u00edses fronterizos se preocupan por el <strong>fin de restricciones migratorias.<\/strong><\/span><\/p>\n<p class=\"p1\"><span style=\"font-size: 14pt;\">La llamada se realiz\u00f3 unos d\u00edas despu\u00e9s de que un juez federal orden\u00f3 al <strong>Departamento de Seguridad Nacional estadounidense detener sus esfuerzos<\/strong> para poner fin a una orden conocida como<strong> T\u00edtulo 42,<\/strong> relacionada con el coronavirus y que <strong>permite la expulsi\u00f3n de migrantes para evitar la propagaci\u00f3n del virus.<\/strong><\/span><\/p>\n<p class=\"p1\"><span style=\"font-size: 14pt;\">A funcionarios <strong>mexicanos les preocupa que la derogaci\u00f3n de la medida<\/strong>, promulgada durante el mandato del expresidente Donald Trump para reforzar la frontera con Estados Unidos, <strong>fomente un aumento en la migraci\u00f3n y a\u00fan m\u00e1s ganancias para grupos criminales<\/strong>, a menos que Washington ayude todav\u00eda m\u00e1s a mitigar el impacto.<\/span><\/p>\n<blockquote>\n<p class=\"p1\"><span style=\"font-size: 14pt;\">La portavoz de la Casa Blanca, Jen Psaki, dijo que \u00abla mayor parte de la conversaci\u00f3n vers\u00f3 sobre la migraci\u00f3n y de seguir trabajando en la coordinaci\u00f3n\u00bb, para reducir un esperado flujo de migrantes cuando se levante esa orden sanitaria.<\/span><\/p>\n<\/blockquote>\n<p class=\"p1\"><span style=\"font-size: 14pt;\">El tono de la llamada fue muy constructivo, dijo a periodistas. <strong>\u00abNo fue una llamada en la que el presidente Biden amenazara al presidente mexicano de ninguna manera. Ha sido un socio importante\u00bb, destac\u00f3.<\/strong><\/span><\/p>\n<p class=\"p1\"><span style=\"font-size: 14pt;\">L\u00f3pez Obrador se\u00f1al\u00f3 en su cuenta de Twitter que hab\u00eda tenido una conversaci\u00f3n cordial con Biden y que acordaron que el canciller mexicano, Marcelo Ebrard, visite Washington el lunes para \u00abavanzar en temas de cooperaci\u00f3n para el desarrollo\u00bb y hablar sobre la pr\u00f3xima Cumbre de las Am\u00e9ricas.<\/span><\/p>\n<p>&nbsp;<\/p>\n<blockquote class=\"twitter-tweet\" data-width=\"550\" data-dnt=\"true\">\n<p lang=\"es\" dir=\"ltr\">Tuvimos una cordial conversaci\u00f3n con el presidente Biden. Tratamos temas de inter\u00e9s en la relaci\u00f3n bilateral y acordamos que el secretario Marcelo Ebrard visitar\u00e1 Washington el lunes para avanzar en temas de cooperaci\u00f3n para el desarrollo y sobre la Cumbre de las Am\u00e9ricas. <a href=\"https:\/\/t.co\/IIWeLii7S7\">pic.twitter.com\/IIWeLii7S7<\/a><\/p>\n<p>&mdash; Andr\u00e9s Manuel (@lopezobrador_) <a href=\"https:\/\/twitter.com\/lopezobrador_\/status\/1520118648555380736?ref_src=twsrc%5Etfw\">April 29, 2022<\/a><\/p><\/blockquote>\n<p><script async src=\"https:\/\/platform.twitter.com\/widgets.js\" charset=\"utf-8\"><\/script><\/p>\n<p>&nbsp;<\/p>\n<p class=\"p1\"><strong><span style=\"font-size: 14pt;\">La conversaci\u00f3n se da en circunstancias en las que M\u00e9xico se ha mostrado cr\u00edtico de la invasi\u00f3n rusa de Ucrania, pero reacio a unirse a Estados Unidos y sus aliados europeos en la imposici\u00f3n de sanciones contra Rusia.<\/span><\/strong><\/p>\n<blockquote>\n<p class=\"p1\"><span style=\"font-size: 14pt;\">Obviamente esperamos que se unan a nosotros para imponer un costo al Kremlin por lo que est\u00e1 haciendo (&#8230;) trabajando con nosotros para hacer cumplir las sanciones implementadas por Estados Unidos y nuestros socios\u00bb, dijo el viernes un funcionario de alto nivel del Gobierno de Biden.<\/span><\/p>\n<\/blockquote>\n<p class=\"p1\"><span style=\"font-size: 14pt;\">El funcionario dijo que <strong>Estados Unidos y M\u00e9xico tendr\u00e1n \u00abenfoques inevitablemente diferentes\u00bb<\/strong>, pero agreg\u00f3 que tienen una <strong>\u00abvisi\u00f3n com\u00fan\u00bb<\/strong> de que la guerra lanzada por el presidente ruso, Vladimir Putin, es injustificada.<\/span><\/p>\n<p class=\"p1\"><strong><span style=\"font-size: 14pt;\">L\u00f3pez Obrador dijo a inicios de este mes que M\u00e9xico no acepta la invasi\u00f3n rusa de Ucrania y que est\u00e1 a favor de una soluci\u00f3n pac\u00edfica al conflicto.<\/span><\/strong><\/p>\n<p class=\"p1\"><span style=\"font-size: 14pt;\">Mientras que su Gobierno respald\u00f3 una votaci\u00f3n en Naciones Unidas en la que se inst\u00f3 a Rusia a retirar sus fuerzas de Ucrania, M\u00e9xico se abstuvo en una votaci\u00f3n en la Asamblea General sobre la suspensi\u00f3n de Rusia del organismo de derechos humanos de la ONU.<\/span><\/p>\n<p class=\"p1\"><span style=\"font-size: 14pt;\">Las conversaciones bilaterales sirvieron tambi\u00e9n para preparar la pr\u00f3xima Cumbre de las Am\u00e9ricas, en la que Estados Unidos acoger\u00e1 en junio en Los \u00c1ngeles a los l\u00edderes de Am\u00e9rica del Norte, Sur y Central, as\u00ed como de El Caribe.<\/span><\/p>\n<p class=\"p1\"><strong><span style=\"font-size: 14pt;\">Los dos pa\u00edses avanzaron en la cooperaci\u00f3n en materia de seguridad en octubre, con el anuncio del Marco del Bicentenario para la Seguridad, la Salud P\u00fablica y las Comunidades Seguras, pero todav\u00eda se enfrentan a obst\u00e1culos en cuestiones que van desde la inmigraci\u00f3n hasta la energ\u00eda.<\/span><\/strong><\/p>\n<p>&nbsp;<\/p>\n<blockquote class=\"twitter-tweet\" data-width=\"550\" data-dnt=\"true\">\n<p lang=\"es\" dir=\"ltr\">En conversaci\u00f3n de los Presidentes L\u00f3pez Obrador y Biden dos temas: atender causas de la migraci\u00f3n con mucho mayor inversi\u00f3n en Centroam\u00e9rica y preparar la Cumbre de las Am\u00e9ricas en la que deben estar todos los pa\u00edses sin excepci\u00f3n alguna. Lunes iniciamos visitas y negociaci\u00f3n.<\/p>\n<p>&mdash; Marcelo Ebrard C. (@m_ebrard) <a href=\"https:\/\/twitter.com\/m_ebrard\/status\/1520127273499774977?ref_src=twsrc%5Etfw\">April 29, 2022<\/a><\/p><\/blockquote>\n<p><script async src=\"https:\/\/platform.twitter.com\/widgets.js\" charset=\"utf-8\"><\/script><\/p>\n<p>&nbsp;<\/p>\n<p>&nbsp;<\/p>\n<p class=\"p1\"><strong><span style=\"font-size: 18pt;\">MIGRACI\u00d3N<\/span><\/strong><\/p>\n<p class=\"p1\"><span style=\"font-size: 14pt;\">El gobierno de<strong> Biden hab\u00eda planeado poner fin a la orden del T\u00edtulo 42 el 23 de mayo.<\/strong> Los republicanos han usado la <strong>derogaci\u00f3n para atacar a los dem\u00f3cratas sobre la inmigraci\u00f3n antes de las elecciones de medio t\u00e9rmino.<\/strong><\/span><\/p>\n<blockquote>\n<p class=\"p1\"><span style=\"font-size: 14pt;\">Biden ha luchado por implementar lo que describe como un sistema m\u00e1s humano y ordenado en la frontera entre Estados Unidos y M\u00e9xico, cuando un n\u00famero r\u00e9cord de migrantes han sido arrestados, hay fallos judiciales desfavorables y oposici\u00f3n pol\u00edtica de republicanos y algunos en su propio partido.<\/span><\/p>\n<\/blockquote>\n<p class=\"p1\"><span style=\"font-size: 14pt;\">Las autoridades fronterizas estadounidenses <strong>detuvieron a\u00a0210,000 migrantes\u00a0que intentaban cruzar la frontera con M\u00e9xico en marzo<\/strong>, el mayor total mensual en dos d\u00e9cadas.<\/span><\/p>\n<p class=\"p1\"><span style=\"font-size: 14pt;\"><strong>El total de marzo supone\u00a0un aumento del 24%\u00a0con respecto al mismo mes del a\u00f1o anterior, en el que se detuvo a 169,000 migrantes en la frontera<\/strong>, en el inicio de un aumento que dej\u00f3 a miles de ni\u00f1os no acompa\u00f1ados atrapados en estaciones de la patrulla fronteriza abarrotadas durante d\u00edas.<\/span><\/p>\n<p>&nbsp;<\/p>\n<p class=\"p1\"><span style=\"font-size: 18pt;\"><strong>Informaci\u00f3n: Reuters<\/strong><\/span><\/p>\n","protected":false},"excerpt":{"rendered":"<p>Ciudad de M\u00e9xico. Los presidentes de Estados Unidos, Joe Biden, y de M\u00e9xico, Andr\u00e9s Manuel L\u00f3pez Obrador, tuvieron conversaciones\u00a0\u00abconstructivas\u00bb, dijeron<\/p>\n","protected":false},"author":4,"featured_media":3750,"comment_status":"closed","ping_status":"closed","sticky":false,"template":"","format":"standard","meta":{"colormag_page_container_layout":"default_layout","colormag_page_sidebar_layout":"default_layout","_jetpack_memberships_contains_paid_content":false,"footnotes":"","jetpack_publicize_message":"","jetpack_publicize_feature_enabled":true,"jetpack_social_post_already_shared":false,"jetpack_social_options":{"image_generator_settings":{"template":"highway","default_image_id":0,"font":"","enabled":false},"version":2}},"categories":[4],"tags":[65,19,418,530],"class_list":["post-3749","post","type-post","status-publish","format-standard","has-post-thumbnail","hentry","category-nacional","tag-andres-manuel-lopez-obrador","tag-joe-biden","tag-migracion","tag-titulo-42"],"jetpack_publicize_connections":[],"jetpack_featured_media_url":"https:\/\/noticiasveracruz.com\/wp-content\/uploads\/2022\/04\/P-MIGRACIO\u0301N.png","jetpack_sharing_enabled":true,"publishpress_future_action":{"enabled":false,"date":"2026-05-08 05:07:54","action":"change-status","newStatus":"draft","terms":[],"taxonomy":"category","extraData":[]},"publishpress_future_workflow_manual_trigger":{"enabledWorkflows":[]},"_links":{"self":[{"href":"https:\/\/noticiasveracruz.com\/index.php\/wp-json\/wp\/v2\/posts\/3749","targetHints":{"allow":["GET"]}}],"collection":[{"href":"https:\/\/noticiasveracruz.com\/index.php\/wp-json\/wp\/v2\/posts"}],"about":[{"href":"https:\/\/noticiasveracruz.com\/index.php\/wp-json\/wp\/v2\/types\/post"}],"author":[{"embeddable":true,"href":"https:\/\/noticiasveracruz.com\/index.php\/wp-json\/wp\/v2\/users\/4"}],"replies":[{"embeddable":true,"href":"https:\/\/noticiasveracruz.com\/index.php\/wp-json\/wp\/v2\/comments?post=3749"}],"version-history":[{"count":0,"href":"https:\/\/noticiasveracruz.com\/index.php\/wp-json\/wp\/v2\/posts\/3749\/revisions"}],"wp:featuredmedia":[{"embeddable":true,"href":"https:\/\/noticiasveracruz.com\/index.php\/wp-json\/wp\/v2\/media\/3750"}],"wp:attachment":[{"href":"https:\/\/noticiasveracruz.com\/index.php\/wp-json\/wp\/v2\/media?parent=3749"}],"wp:term":[{"taxonomy":"category","embeddable":true,"href":"https:\/\/noticiasveracruz.com\/index.php\/wp-json\/wp\/v2\/categories?post=3749"},{"taxonomy":"post_tag","embeddable":true,"href":"https:\/\/noticiasveracruz.com\/index.php\/wp-json\/wp\/v2\/tags?post=3749"}],"curies":[{"name":"wp","href":"https:\/\/api.w.org\/{rel}","templated":true}]}}