{"id":37481,"date":"2024-08-09T08:55:57","date_gmt":"2024-08-09T13:55:57","guid":{"rendered":"https:\/\/noticiasveracruz.com\/?p=37481"},"modified":"2024-08-09T08:55:57","modified_gmt":"2024-08-09T13:55:57","slug":"crimen-organizado-da-engomado-a-transportistas-que-pagan-piso-en-el-edomex","status":"publish","type":"post","link":"https:\/\/noticiasveracruz.com\/index.php\/2024\/08\/09\/crimen-organizado-da-engomado-a-transportistas-que-pagan-piso-en-el-edomex\/","title":{"rendered":"Crimen organizado da \u00abengomado\u00bb a transportistas que pagan piso en el Edomex"},"content":{"rendered":"<div>\n<div id=\"content-body-225-12370945\">\n<p><span style=\"font-size: 14pt;\">Bandas del\u00a0crimen organizado\u00a0dan engomados a transportistas para identificar a las unidades que pagan derecho de piso\u00a0y puedan transitar por las autopistas y carreteras del\u00a0Estado de M\u00e9xico\u00a0libremente.<\/span><\/p>\n<p><span style=\"font-size: 14pt;\">Las \u201ccuotas\u201d van de\u00a0mil a los 100 mil pesos, seg\u00fan la empresa y carga que lleven, dijo un integrante de ese gremio que prefiri\u00f3 guardar el anonimato.<\/span><\/p>\n<\/div>\n<\/div>\n<div>\n<div id=\"dfp-nota-1x1s\" data-google-query-id=\"CODIl8qH6IcDFSzNGAId_CE3JA\">\n<div id=\"google_ads_iframe_\/2000002\/la-prensa\/mexico_nota_1x1_0__container__\"><span style=\"font-size: 14pt;\">Calcoman\u00edas pegadas en parabrisas y puertas son el escudo para cientos de operadores\u00a0del transporte de carga y p\u00fablico, ya que a trav\u00e9s de esos engomados las bandas delictivas ofrecen seguridad, aseguran transportistas mexiquenses.<\/span><\/div>\n<\/div>\n<\/div>\n<article>\n<div id=\"content-body-5851641-12370945\">\n<p><span style=\"font-size: 14pt;\">El entrevistado coment\u00f3 que\u00a0la calcoman\u00eda, la cual est\u00e1 marcada ya sea con las iniciales FM que hacen referencia a un grupo delincuencial con or\u00edgenes en el Estado de Michoac\u00e1n\u00a0o bien con\u00a0el apellido del presunto l\u00edder, y en su caso la ruta, le cuesta al sector transportista desde\u00a0mil hasta 100 mil pesos mensuales dependiendo el giro de la empresa o mercanc\u00eda que traslade el operador.<\/span><\/p>\n<p><span style=\"font-size: 14pt;\">\u201cLas cuotas son variables porque depende de la actividad, porque no es lo mismo al de la mina o al de los materiales, que al de una tienda de abarrotes\u201d, refiri\u00f3 el l\u00edder del gremio.<\/span><\/p>\n<p><span style=\"font-size: 14pt;\">De acuerdo con los transportistas, los delincuentes \u201cestudian\u201d al conductor o al l\u00edder de los operadores, y una vez que conocen cu\u00e1ntos camiones o tr\u00e1ileres forman parte de su empresa, a d\u00f3nde se dirigen y qu\u00e9 mercanc\u00eda llevan, los abordan y\u00a0les ofrecen seguridad a cambio de una cuota.\u00a0Si acceden, los grupos delincuenciales pegan en cada unidad una calcoman\u00eda, lo que se convierte en su \u201cblindaje\u201d para no ser v\u00edctimas de asaltos, secuestros y robo total de esos camiones de carga en las carreteras.<\/span><\/p>\n<p><span style=\"font-size: 14pt;\">\u201cLlegan sujetos y se ostentan del\u00a0C\u00e1rtel Jalisco o de la Familia Michoacana, y de repente sale otro que ni conocemos, pero para amedrentar dicen que son de las c\u00e9lulas delictivas\u201d, coment\u00f3 un transportista, quien agreg\u00f3 si no pagan les\u00a0queman unidades o matan a operadores.<\/span><\/p>\n<p><span style=\"font-size: 14pt;\">Hace unas semanas, tras una reuni\u00f3n con agremiados de la\u00a0Alianza Mexicana de Organizaciones y Transportistas AC\u00a0(Amotac) quienes expusieron que por d\u00eda registraban por lo menos un asalto en carretera, el fiscal general de justicia del\u00a0Estado de M\u00e9xico,\u00a0Jos\u00e9 Luis Cervantes Mart\u00ednez,\u00a0asegur\u00f3 que\u00a0ir\u00edan en contra de quienes se dedican al robo y asalto de unidades de transporte.<\/span><\/p>\n<p><span style=\"font-size: 14pt;\">Es poca o nula la presencia de elementos de seguridad en las carreteras, lo que hace que sea \u201ctierra f\u00e9rtil\u201dde la delincuencia\u00a0<\/span><\/p>\n<p><span style=\"font-size: 14pt;\">\u201cNosotros vamos por ellos, nosotros vamos a buscarlos, nosotros, como dicen los polic\u00edas y perd\u00f3nenme la expresi\u00f3n, al top\u00f3n, eso es lo que vamos hacer nosotros, al top\u00f3n y el top\u00f3n se vale porque uno va con la intenci\u00f3n y con la cara en alto esperando encontrarlo y demostrarle que\u00a0con la fuerza del Estado no se juega\u201d, expres\u00f3 en su momento el fiscal estatal.<\/span><\/p>\n<p><span style=\"font-size: 14pt;\">Transportistas se\u00f1alan que es poca o nula presencia de elementos de seguridad en las carreteras, que hacen que sea \u201ctierra f\u00e9rtil\u201d de la delincuencia, cuyos integrantes aprovechan horarios que van de las 15:00 a las 20: 00 horas para cometer atracos.<\/span><\/p>\n<p><span style=\"font-size: 14pt;\">El Estado de M\u00e9xico, de acuerdo con datos de la\u00a0Amotac, la\u00a0v\u00eda Jos\u00e9 L\u00f3pez Portillo, la Texcoco-Lecher\u00eda, Arco Norte, M\u00e9xico-Quer\u00e9taro\u00a0y la autopista\u00a0M\u00e9xico-Pachuca\u00a0son las m\u00e1s peligrosas y d\u00f3nde m\u00e1s atracos se registran.<\/span><\/p>\n<p><span style=\"font-size: 14pt;\">El sector empresarial mexiquense acusa que\u00a0el robo a transporte de carga genera p\u00e9rdidas de alrededor de dos mil 300 millones de pesos al a\u00f1o.<\/span><\/p>\n<\/div>\n<\/article>\n","protected":false},"excerpt":{"rendered":"<p>Bandas del\u00a0crimen organizado\u00a0dan engomados a transportistas para identificar a las unidades que pagan derecho de piso\u00a0y puedan transitar por las<\/p>\n","protected":false},"author":4,"featured_media":37482,"comment_status":"closed","ping_status":"closed","sticky":false,"template":"","format":"standard","meta":{"colormag_page_container_layout":"default_layout","colormag_page_sidebar_layout":"default_layout","_jetpack_memberships_contains_paid_content":false,"footnotes":"","jetpack_publicize_message":"","jetpack_publicize_feature_enabled":true,"jetpack_social_post_already_shared":true,"jetpack_social_options":{"image_generator_settings":{"template":"highway","default_image_id":0,"font":"","enabled":false},"version":2}},"categories":[4],"tags":[],"class_list":["post-37481","post","type-post","status-publish","format-standard","has-post-thumbnail","hentry","category-nacional"],"jetpack_publicize_connections":[],"jetpack_featured_media_url":"https:\/\/noticiasveracruz.com\/wp-content\/uploads\/2024\/08\/engomado_derecho_de_piso_redaccion.png","jetpack_sharing_enabled":true,"publishpress_future_action":{"enabled":false,"date":"2026-05-10 11:17:25","action":"change-status","newStatus":"draft","terms":[],"taxonomy":"category","extraData":[]},"publishpress_future_workflow_manual_trigger":{"enabledWorkflows":[]},"_links":{"self":[{"href":"https:\/\/noticiasveracruz.com\/index.php\/wp-json\/wp\/v2\/posts\/37481","targetHints":{"allow":["GET"]}}],"collection":[{"href":"https:\/\/noticiasveracruz.com\/index.php\/wp-json\/wp\/v2\/posts"}],"about":[{"href":"https:\/\/noticiasveracruz.com\/index.php\/wp-json\/wp\/v2\/types\/post"}],"author":[{"embeddable":true,"href":"https:\/\/noticiasveracruz.com\/index.php\/wp-json\/wp\/v2\/users\/4"}],"replies":[{"embeddable":true,"href":"https:\/\/noticiasveracruz.com\/index.php\/wp-json\/wp\/v2\/comments?post=37481"}],"version-history":[{"count":0,"href":"https:\/\/noticiasveracruz.com\/index.php\/wp-json\/wp\/v2\/posts\/37481\/revisions"}],"wp:featuredmedia":[{"embeddable":true,"href":"https:\/\/noticiasveracruz.com\/index.php\/wp-json\/wp\/v2\/media\/37482"}],"wp:attachment":[{"href":"https:\/\/noticiasveracruz.com\/index.php\/wp-json\/wp\/v2\/media?parent=37481"}],"wp:term":[{"taxonomy":"category","embeddable":true,"href":"https:\/\/noticiasveracruz.com\/index.php\/wp-json\/wp\/v2\/categories?post=37481"},{"taxonomy":"post_tag","embeddable":true,"href":"https:\/\/noticiasveracruz.com\/index.php\/wp-json\/wp\/v2\/tags?post=37481"}],"curies":[{"name":"wp","href":"https:\/\/api.w.org\/{rel}","templated":true}]}}