{"id":37478,"date":"2024-08-09T08:53:20","date_gmt":"2024-08-09T13:53:20","guid":{"rendered":"https:\/\/noticiasveracruz.com\/?p=37478"},"modified":"2024-08-09T08:53:20","modified_gmt":"2024-08-09T13:53:20","slug":"con-crecimiento-del-impuesto-al-hospedaje-hasta-de-sudafrica-y-rusia-llegan-turistas-a-veracruz","status":"publish","type":"post","link":"https:\/\/noticiasveracruz.com\/index.php\/2024\/08\/09\/con-crecimiento-del-impuesto-al-hospedaje-hasta-de-sudafrica-y-rusia-llegan-turistas-a-veracruz\/","title":{"rendered":"Con crecimiento del impuesto al hospedaje, hasta de Sud\u00e1frica y Rusia llegan turistas a Veracruz"},"content":{"rendered":"<p><span style=\"font-size: 14pt;\">Con el crecimiento en la recaudaci\u00f3n del impuesto del 2 por ciento al hospedaje, se ha promocionado a Veracruz en todo el pa\u00eds, en Norteam\u00e9rica y Europa.<\/span><\/p>\n<p><span style=\"font-size: 14pt;\">\u00a0El secretario de Turismo del estado de Veracruz, Iv\u00e1n Mart\u00ednez Olvera, coment\u00f3 que incluso ha arribado turismo a la entidad veracruzana hasta de Sud\u00e1frica y Rusia.<\/span><\/p>\n<p><span style=\"font-size: 14pt;\">\u201cTenemos presencia en toda la rep\u00fablica mexicana, tenemos presencia en Estados Unidos, en Canad\u00e1, en los estados con mayor afluencia que nos genera como so Texas, Chicago, New York, varios estados de la Uni\u00f3n Americana\u201d.<\/span><\/p>\n<p><span style=\"font-size: 14pt;\">Agreg\u00f3 que en Europa el estado de Veracruz se ha promocionado mayormente en Espa\u00f1a, as\u00ed como Alemania.<\/span><\/p>\n<p><span style=\"font-size: 14pt;\">Al reunirse con c\u00e1maras del sector tur\u00edstico en Boca del R\u00edo, coment\u00f3 que no se hab\u00eda registrado un crecimiento de esta manera, pues el fideicomiso al 2 por ciento al hospedaje lo reporta el sector hotelero, si hay ocupaci\u00f3n, reportan ese impuesto.<\/span><\/p>\n<p><span style=\"font-size: 14pt;\">\u201cEste a\u00f1o estamos llegando a los 120 millones de pesos en el transcurso de todo el a\u00f1o con un crecimiento significativo, el a\u00f1o pasado tuvimos 64 millones y en a\u00f1os anteriores 34, entonces el crecimiento ha sido importante, y eso habla y es reflejo de la ocupaci\u00f3n hotelera\u201d.<\/span><\/p>\n<p><span style=\"font-size: 14pt;\">Mart\u00ednez Olvera, indic\u00f3 que al reportar el impuesto el sector hotelero, hay promoci\u00f3n, si hay promoci\u00f3n, hay mayor captaci\u00f3n tur\u00edstica, lo que conlleva a una mayor recuperaci\u00f3n de impuestos, pues del lugar 14 a nivel nacional, el estado de Veracruz subi\u00f3 al quinto puesto.<\/span><\/p>\n<p><span style=\"font-size: 14pt;\">El secretario de Turismo agreg\u00f3 que Veracruz se ubica en sexto lugar en captaci\u00f3n econ\u00f3mica a nivel nacional.<\/span><\/p>\n","protected":false},"excerpt":{"rendered":"<p>Con el crecimiento en la recaudaci\u00f3n del impuesto del 2 por ciento al hospedaje, se ha promocionado a Veracruz en<\/p>\n","protected":false},"author":4,"featured_media":37479,"comment_status":"closed","ping_status":"closed","sticky":false,"template":"","format":"standard","meta":{"colormag_page_container_layout":"default_layout","colormag_page_sidebar_layout":"default_layout","_jetpack_memberships_contains_paid_content":false,"footnotes":"","jetpack_publicize_message":"","jetpack_publicize_feature_enabled":true,"jetpack_social_post_already_shared":true,"jetpack_social_options":{"image_generator_settings":{"template":"highway","default_image_id":0,"font":"","enabled":false},"version":2}},"categories":[356],"tags":[],"class_list":["post-37478","post","type-post","status-publish","format-standard","has-post-thumbnail","hentry","category-veracruz"],"jetpack_publicize_connections":[],"jetpack_featured_media_url":"https:\/\/noticiasveracruz.com\/wp-content\/uploads\/2024\/08\/Turistas-de-Rusia-llegan-al-norte-de-Veracruz-a-celebrar-el-Dia-de-Muertos.jpg","jetpack_sharing_enabled":true,"publishpress_future_action":{"enabled":false,"date":"2026-05-10 10:06:53","action":"change-status","newStatus":"draft","terms":[],"taxonomy":"category","extraData":[]},"publishpress_future_workflow_manual_trigger":{"enabledWorkflows":[]},"_links":{"self":[{"href":"https:\/\/noticiasveracruz.com\/index.php\/wp-json\/wp\/v2\/posts\/37478","targetHints":{"allow":["GET"]}}],"collection":[{"href":"https:\/\/noticiasveracruz.com\/index.php\/wp-json\/wp\/v2\/posts"}],"about":[{"href":"https:\/\/noticiasveracruz.com\/index.php\/wp-json\/wp\/v2\/types\/post"}],"author":[{"embeddable":true,"href":"https:\/\/noticiasveracruz.com\/index.php\/wp-json\/wp\/v2\/users\/4"}],"replies":[{"embeddable":true,"href":"https:\/\/noticiasveracruz.com\/index.php\/wp-json\/wp\/v2\/comments?post=37478"}],"version-history":[{"count":0,"href":"https:\/\/noticiasveracruz.com\/index.php\/wp-json\/wp\/v2\/posts\/37478\/revisions"}],"wp:featuredmedia":[{"embeddable":true,"href":"https:\/\/noticiasveracruz.com\/index.php\/wp-json\/wp\/v2\/media\/37479"}],"wp:attachment":[{"href":"https:\/\/noticiasveracruz.com\/index.php\/wp-json\/wp\/v2\/media?parent=37478"}],"wp:term":[{"taxonomy":"category","embeddable":true,"href":"https:\/\/noticiasveracruz.com\/index.php\/wp-json\/wp\/v2\/categories?post=37478"},{"taxonomy":"post_tag","embeddable":true,"href":"https:\/\/noticiasveracruz.com\/index.php\/wp-json\/wp\/v2\/tags?post=37478"}],"curies":[{"name":"wp","href":"https:\/\/api.w.org\/{rel}","templated":true}]}}