{"id":37475,"date":"2024-08-09T08:49:20","date_gmt":"2024-08-09T13:49:20","guid":{"rendered":"https:\/\/noticiasveracruz.com\/?p=37475"},"modified":"2024-08-09T08:49:20","modified_gmt":"2024-08-09T13:49:20","slug":"todo-un-exito-la-jornada-de-adopcion-de-mascotas-un-hogar-para-todos-en-tuxpan","status":"publish","type":"post","link":"https:\/\/noticiasveracruz.com\/index.php\/2024\/08\/09\/todo-un-exito-la-jornada-de-adopcion-de-mascotas-un-hogar-para-todos-en-tuxpan\/","title":{"rendered":"Todo un \u00e9xito la jornada de adopci\u00f3n de mascotas \u201cUn Hogar para Todos\u201d, en Tuxpan"},"content":{"rendered":"<p><span style=\"font-size: 14pt;\">Perritos y michis que viv\u00edan en refugios de la ciudad recibieron una oportunidad para tener un hogar digno, gracias a la Jornada de Adopci\u00f3n \u201cUn Hogar para Todos\u201d realizada por la Regidur\u00eda Sexta del Gobierno de Tuxpan, el DIF Municipal, asociaciones y rescatistas.<\/span><\/p>\n<p><span style=\"font-size: 14pt;\">En este evento, que es parte de un programa anual, estuvieron presentes la regidora Lucero Magdalena Resendis Ambrocio, el regidor Axel Andr\u00e9s Bernal Herrera y la presidenta del DIF Tuxpan Pamela Morales Huesca.<\/span><\/p>\n<p><span style=\"font-size: 14pt;\">En el evento se reconoci\u00f3 el trabajo de las asociaciones Kissapir y Gatito Vaguito, la agrupaci\u00f3n Animal Contento y al bi\u00f3logo Roberto Ansoleaga L\u00f3pez.<\/span><\/p>\n<p><span style=\"font-size: 14pt;\">Tambi\u00e9n a otras personas, que no estuvieron presentes, pero que se preocupan por el bienestar de los animales.<\/span><\/p>\n<p><span style=\"font-size: 14pt;\">Las familias que acogieron a sus nuevos integrantes se comprometieron a cuidar a las mascotas y darles todo el amor y la protecci\u00f3n que requieren.<\/span><\/p>\n<p><span style=\"font-size: 14pt;\">Es importante mencionar que se llevar\u00e1n a cabo visitas de seguimiento para corroborar que los animalitos est\u00e9n viviendo en condiciones adecuadas.<\/span><\/p>\n<p><span style=\"font-size: 14pt;\">Recordemos que la adopci\u00f3n responsable es una acci\u00f3n que transforma vidas, tanto de los animales como de las familias que los reciben<\/span><\/p>\n","protected":false},"excerpt":{"rendered":"<p>Perritos y michis que viv\u00edan en refugios de la ciudad recibieron una oportunidad para tener un hogar digno, gracias a<\/p>\n","protected":false},"author":4,"featured_media":37476,"comment_status":"closed","ping_status":"closed","sticky":false,"template":"","format":"standard","meta":{"colormag_page_container_layout":"default_layout","colormag_page_sidebar_layout":"default_layout","_jetpack_memberships_contains_paid_content":false,"footnotes":"","jetpack_publicize_message":"","jetpack_publicize_feature_enabled":true,"jetpack_social_post_already_shared":true,"jetpack_social_options":{"image_generator_settings":{"template":"highway","default_image_id":0,"font":"","enabled":false},"version":2}},"categories":[3372,356],"tags":[],"class_list":["post-37475","post","type-post","status-publish","format-standard","has-post-thumbnail","hentry","category-gobierno-tuxpan","category-veracruz"],"jetpack_publicize_connections":[],"jetpack_featured_media_url":"https:\/\/noticiasveracruz.com\/wp-content\/uploads\/2024\/08\/9fa52c80-9a3e-48d4-b8ad-cb74ee5c518e.jpg","jetpack_sharing_enabled":true,"publishpress_future_action":{"enabled":false,"date":"2026-05-10 08:59:51","action":"change-status","newStatus":"draft","terms":[],"taxonomy":"category","extraData":[]},"publishpress_future_workflow_manual_trigger":{"enabledWorkflows":[]},"_links":{"self":[{"href":"https:\/\/noticiasveracruz.com\/index.php\/wp-json\/wp\/v2\/posts\/37475","targetHints":{"allow":["GET"]}}],"collection":[{"href":"https:\/\/noticiasveracruz.com\/index.php\/wp-json\/wp\/v2\/posts"}],"about":[{"href":"https:\/\/noticiasveracruz.com\/index.php\/wp-json\/wp\/v2\/types\/post"}],"author":[{"embeddable":true,"href":"https:\/\/noticiasveracruz.com\/index.php\/wp-json\/wp\/v2\/users\/4"}],"replies":[{"embeddable":true,"href":"https:\/\/noticiasveracruz.com\/index.php\/wp-json\/wp\/v2\/comments?post=37475"}],"version-history":[{"count":0,"href":"https:\/\/noticiasveracruz.com\/index.php\/wp-json\/wp\/v2\/posts\/37475\/revisions"}],"wp:featuredmedia":[{"embeddable":true,"href":"https:\/\/noticiasveracruz.com\/index.php\/wp-json\/wp\/v2\/media\/37476"}],"wp:attachment":[{"href":"https:\/\/noticiasveracruz.com\/index.php\/wp-json\/wp\/v2\/media?parent=37475"}],"wp:term":[{"taxonomy":"category","embeddable":true,"href":"https:\/\/noticiasveracruz.com\/index.php\/wp-json\/wp\/v2\/categories?post=37475"},{"taxonomy":"post_tag","embeddable":true,"href":"https:\/\/noticiasveracruz.com\/index.php\/wp-json\/wp\/v2\/tags?post=37475"}],"curies":[{"name":"wp","href":"https:\/\/api.w.org\/{rel}","templated":true}]}}