{"id":37364,"date":"2024-08-07T09:05:47","date_gmt":"2024-08-07T14:05:47","guid":{"rendered":"https:\/\/noticiasveracruz.com\/?p=37364"},"modified":"2024-08-07T09:05:47","modified_gmt":"2024-08-07T14:05:47","slug":"por-segundo-ano-consecutivo-la-calificadora-hr-ratings-subio-la-calificacion-crediticia-del-municipio-de-tuxpan","status":"publish","type":"post","link":"https:\/\/noticiasveracruz.com\/index.php\/2024\/08\/07\/por-segundo-ano-consecutivo-la-calificadora-hr-ratings-subio-la-calificacion-crediticia-del-municipio-de-tuxpan\/","title":{"rendered":"Por segundo a\u00f1o consecutivo la calificadora HR Ratings subi\u00f3 la calificaci\u00f3n crediticia del municipio de Tuxpan"},"content":{"rendered":"<p><em><strong><span style=\"font-size: 14pt;\">\u2022 Gracias al buen manejo financiero, Tuxpan pas\u00f3 de HR A- a HR A con Perspectiva Estable.<\/span><\/strong><\/em><br \/>\n<em><strong><span style=\"font-size: 14pt;\">\u2022 Los avances en el pago de la deuda han tenido un impacto positivo en el mercado financiero.<\/span><\/strong><\/em><\/p>\n<p><span style=\"font-size: 14pt;\">Ciudad de M\u00e9xico. &#8211; HR Ratings, la calificadora global l\u00edder en M\u00e9xico, volvi\u00f3 a subir la calificaci\u00f3n crediticia del municipio de Tuxpan, como resultado de los buenos manejos financieros de la administraci\u00f3n que preside el Lic. Jos\u00e9 Manuel Pozos Castro.<\/span><\/p>\n<p><span style=\"font-size: 14pt;\">\u201cHR Ratings revis\u00f3 al alza la calificaci\u00f3n de HR A-, a HR A y mantuvo la Perspectiva Estable para el Municipio de Tuxpan\u201d, inform\u00f3 mediante un comunicado esta agencia de calificaci\u00f3n crediticia.<\/span><\/p>\n<p><span style=\"font-size: 14pt;\">En el 2022 la calificaci\u00f3n de HR Ratings para Tuxpan era de HR BBB +, sin embargo, para el 2023 una serie de factores positivos en las finanzas municipales hizo posible un alza a HR A-.<\/span><\/p>\n<p><span style=\"font-size: 14pt;\">El pasado 2 de agosto se hizo el anuncio oficial de que Tuxpan registr\u00f3 una nueva alza y ahora ostenta la calificaci\u00f3n HR A.<\/span><\/p>\n<p><span style=\"font-size: 14pt;\">Cabe recordar que el pasado mes de julio, la calificadora Moody\u2019s tambi\u00e9n subi\u00f3 la calificaci\u00f3n del municipio de Tuxpan, pasando a A- desde BBB+.mx, con perspectiva Estable.<\/span><\/p>\n<p><span style=\"font-size: 14pt;\">\u201cEl alza refleja las mejoras en los ingresos propios (del municipio), el balance operativo, el resultado financiero y la liquidez\u201d, destac\u00f3 en su comunicado Moody\u2019s.<\/span><\/p>\n<p><span style=\"font-size: 14pt;\">Ambas calificadoras consideran expectativas positivas para el municipio de Tuxpan.<\/span><\/p>\n","protected":false},"excerpt":{"rendered":"<p>\u2022 Gracias al buen manejo financiero, Tuxpan pas\u00f3 de HR A- a HR A con Perspectiva Estable. \u2022 Los avances<\/p>\n","protected":false},"author":4,"featured_media":37365,"comment_status":"closed","ping_status":"closed","sticky":false,"template":"","format":"standard","meta":{"colormag_page_container_layout":"default_layout","colormag_page_sidebar_layout":"default_layout","_jetpack_memberships_contains_paid_content":false,"footnotes":"","jetpack_publicize_message":"","jetpack_publicize_feature_enabled":true,"jetpack_social_post_already_shared":true,"jetpack_social_options":{"image_generator_settings":{"template":"highway","default_image_id":0,"font":"","enabled":false},"version":2}},"categories":[3372,356],"tags":[],"class_list":["post-37364","post","type-post","status-publish","format-standard","has-post-thumbnail","hentry","category-gobierno-tuxpan","category-veracruz"],"jetpack_publicize_connections":[],"jetpack_featured_media_url":"https:\/\/noticiasveracruz.com\/wp-content\/uploads\/2024\/08\/a65354c9-9dd2-42ee-9be8-98afe7f4b311.jpg","jetpack_sharing_enabled":true,"publishpress_future_action":{"enabled":false,"date":"2026-05-10 09:03:07","action":"change-status","newStatus":"draft","terms":[],"taxonomy":"category","extraData":[]},"publishpress_future_workflow_manual_trigger":{"enabledWorkflows":[]},"_links":{"self":[{"href":"https:\/\/noticiasveracruz.com\/index.php\/wp-json\/wp\/v2\/posts\/37364","targetHints":{"allow":["GET"]}}],"collection":[{"href":"https:\/\/noticiasveracruz.com\/index.php\/wp-json\/wp\/v2\/posts"}],"about":[{"href":"https:\/\/noticiasveracruz.com\/index.php\/wp-json\/wp\/v2\/types\/post"}],"author":[{"embeddable":true,"href":"https:\/\/noticiasveracruz.com\/index.php\/wp-json\/wp\/v2\/users\/4"}],"replies":[{"embeddable":true,"href":"https:\/\/noticiasveracruz.com\/index.php\/wp-json\/wp\/v2\/comments?post=37364"}],"version-history":[{"count":0,"href":"https:\/\/noticiasveracruz.com\/index.php\/wp-json\/wp\/v2\/posts\/37364\/revisions"}],"wp:featuredmedia":[{"embeddable":true,"href":"https:\/\/noticiasveracruz.com\/index.php\/wp-json\/wp\/v2\/media\/37365"}],"wp:attachment":[{"href":"https:\/\/noticiasveracruz.com\/index.php\/wp-json\/wp\/v2\/media?parent=37364"}],"wp:term":[{"taxonomy":"category","embeddable":true,"href":"https:\/\/noticiasveracruz.com\/index.php\/wp-json\/wp\/v2\/categories?post=37364"},{"taxonomy":"post_tag","embeddable":true,"href":"https:\/\/noticiasveracruz.com\/index.php\/wp-json\/wp\/v2\/tags?post=37364"}],"curies":[{"name":"wp","href":"https:\/\/api.w.org\/{rel}","templated":true}]}}