{"id":3723,"date":"2022-04-29T12:31:46","date_gmt":"2022-04-29T17:31:46","guid":{"rendered":"https:\/\/noticiasveracruz.com\/?p=3723"},"modified":"2022-04-29T12:31:46","modified_gmt":"2022-04-29T17:31:46","slug":"el-puente-de-las-patas-chuecas","status":"publish","type":"post","link":"https:\/\/noticiasveracruz.com\/index.php\/2022\/04\/29\/el-puente-de-las-patas-chuecas\/","title":{"rendered":"El \u201cPuente de las patas chuecas\u201d"},"content":{"rendered":"<p>&nbsp;<\/p>\n<p class=\"p2\"><strong><span style=\"font-size: 18pt;\">&lt;&lt;Una obra chueca estructuralmente, cuya mala calidad se ve\u00eda a leguas&gt;&gt;<\/span><\/strong><\/p>\n<p class=\"p2\"><strong><span style=\"font-size: 18pt;\">&lt;&lt;Se ha acortado la distancia en Tuxpan y el viejo puerto de Tampico&gt;&gt;<\/span><\/strong><\/p>\n<p class=\"p2\"><strong><span style=\"font-size: 18pt;\">&lt;&lt;Le cambiaron la vida a los habitantes de todo el norte de Veracruz&gt;&gt;<\/span><\/strong><\/p>\n<p>&nbsp;<\/p>\n<p>&nbsp;<\/p>\n<p class=\"p2\"><span style=\"font-size: 18pt;\"><strong>Por Miguel \u00c1ngel Cristiani Gonz\u00e1lez<\/strong><\/span><\/p>\n<p class=\"p2\"><span style=\"font-size: 14pt;\">La<strong> autopista Cardel-Ozuluama<\/strong> ya es una realidad, una obra magna que comunica el centro con el norte del estado, con una carretera de altas especificaciones, pero ah\u00ed tambi\u00e9n hay una historia que merece ser contada.<\/span><\/p>\n<p class=\"p2\"><span style=\"font-size: 14pt;\">Pocos saben que junto al <strong>gran rescate de la obra en el tramo de \u201cPaso Largo\u201d en Mart\u00ednez de la Torre<\/strong>, por parte del propio <strong>Presidente de la Rep\u00fablica Andr\u00e9s Manuel L\u00f3pez Obrador<\/strong> -quien personalmente intervino ante vecinos de ese segmento carretero para que liberaran los derechos de v\u00eda- hab\u00eda otro cuello de botella en esa s\u00faper carretera, el llamado en <strong>Tuxpan \u201cPuente de las patas chuecas\u201d<\/strong> porque la empresa portuguesa Mota-Engil estaba realizando una obra chueca estructuralmente, cuya mala calidad de la obra se ve\u00eda a leguas.<\/span><\/p>\n<p>&nbsp;<\/p>\n<p><img loading=\"lazy\" decoding=\"async\" class=\"aligncenter wp-image-4553 size-large\" src=\"https:\/\/politicosaldesnudo.com.mx\/wp-content\/uploads\/2022\/04\/P-PUENTE1-1024x573.png\" alt=\"\" width=\"800\" height=\"448\" \/><\/p>\n<p>&nbsp;<\/p>\n<p class=\"p2\"><strong><span style=\"font-size: 14pt;\">Un puente en Higueral con las bases torcidas, adem\u00e1s de realizar obras anexas que amenazaban seguridad de pobladores en \u00e9poca de inundaciones del r\u00edo.<\/span><\/strong><\/p>\n<p class=\"p2\"><span style=\"font-size: 14pt;\">La obra con complicidad de la delegaci\u00f3n estatal de la SCT se encontraba sin ninguna garant\u00eda.<\/span><\/p>\n<p class=\"p2\"><span style=\"font-size: 14pt;\">La mala calidad de la obra fue denunciada por el entonces Diputado Federal Marco Medina, quien llev\u00f3 las gestiones hasta su resoluci\u00f3n; horas de caminatas a pleno sol, decenas de reuniones llev\u00f3 a cabo legislador morenista.<\/span><\/p>\n<p class=\"p2\"><strong><span style=\"font-size: 14pt;\">La gesti\u00f3n de Marco Medina permiti\u00f3 la construcci\u00f3n de obras complementarias que han beneficiado a miles de vecinos de esa demarcaci\u00f3n.<\/span><\/strong><\/p>\n<p class=\"p2\"><span style=\"font-size: 14pt;\">Medina ya no es diputado, pero su aportaci\u00f3n est\u00e1 en la s\u00faper carretera a Ozuluama.<\/span><\/p>\n<p class=\"p2\"><span style=\"font-size: 14pt;\">Se ha acortado la distancia en Tuxpan y el viejo puerto de Tampico.<\/span><\/p>\n<p class=\"p2\"><strong><span style=\"font-size: 14pt;\">El norte de Veracruz creci\u00f3 en comunicaciones.<\/span><\/strong><\/p>\n<p class=\"p2\"><span style=\"font-size: 14pt;\">El puente sobre el r\u00edo Tuxpan que pasa por Higueral y las obras adyacentes, le cambiaron la vida no solo a los pobladores de esas comunidades, a todo el norte de Veracruz.<\/span><\/p>\n<p class=\"p2\"><span style=\"font-size: 14pt;\">Hoy en d\u00eda, Marco Medina es colaborador directo del Secretario de Gobierno de Veracruz, Eric Cisneros Burgos.<\/span><\/p>\n<blockquote>\n<p class=\"p2\"><span style=\"font-size: 14pt;\">En el sexenio pasado fue notable la complicidad en corruptelas de delegados federales y empresas contratistas en la construcci\u00f3n de grandes obras que no cumplieron con las especificaciones de calidad necesarias; Mota-Engil tiene demandas en todo el mundo por corrupci\u00f3n y obras fraudulentas, el rescate de las obras del \u201cPuente de las patas chuecas\u201d de Tuxpan, es digno de reconocerse, es una muestra que se le puede vencer a cualquier gigante de la corrupci\u00f3n, como lo fue Mota-Engil.<\/span><\/p>\n<\/blockquote>\n<p class=\"p2\"><span style=\"font-size: 14pt;\">Cuando hay honestidad a prueba de sobornos, como el caso de Marco Medina y de vecinos aguerridos como los de higueral.<\/span><\/p>\n<p class=\"p2\"><span style=\"font-size: 14pt;\">La participaci\u00f3n ciudadana y la gesti\u00f3n p\u00fablica de la mano.<\/span><\/p>\n<p class=\"p2\"><strong><span style=\"font-size: 14pt;\">Gracias a lo anterior, 40 comunidades rurales de Tuxpan se beneficiaron con estas obras.<\/span><\/strong><\/p>\n<p>&nbsp;<\/p>\n<p>&nbsp;<\/p>\n<p class=\"p2\"><strong><span style=\"font-size: 18pt;\">Cont\u00e1ctanos en nuestras redes sociales:<\/span><\/strong><\/p>\n<p class=\"p2\"><strong><span style=\"font-size: 18pt;\"><a href=\"https:\/\/www.canva.com\/design\/DAEN5B9DWgs\/ZCHd2Z8KueYjlg_d59Op3A\/view\">https:\/\/www.canva.com\/design\/DAEN5B9DWgs\/ZCHd2Z8KueYjlg_d59Op3A\/view<\/a><\/span><\/strong><\/p>\n<p class=\"p2\">\n<p class=\"p2\">\n","protected":false},"excerpt":{"rendered":"<p>&nbsp; &lt;&lt;Una obra chueca estructuralmente, cuya mala calidad se ve\u00eda a leguas&gt;&gt; &lt;&lt;Se ha acortado la distancia en Tuxpan y<\/p>\n","protected":false},"author":4,"featured_media":3280,"comment_status":"closed","ping_status":"closed","sticky":false,"template":"","format":"standard","meta":{"colormag_page_container_layout":"default_layout","colormag_page_sidebar_layout":"default_layout","_jetpack_memberships_contains_paid_content":false,"footnotes":"","jetpack_publicize_message":"","jetpack_publicize_feature_enabled":true,"jetpack_social_post_already_shared":false,"jetpack_social_options":{"image_generator_settings":{"template":"highway","default_image_id":0,"font":"","enabled":false},"version":2}},"categories":[6],"tags":[521,72,73],"class_list":["post-3723","post","type-post","status-publish","format-standard","has-post-thumbnail","hentry","category-columnistas","tag-puente","tag-tuxpan","tag-veracruz"],"jetpack_publicize_connections":[],"jetpack_featured_media_url":"https:\/\/noticiasveracruz.com\/wp-content\/uploads\/2022\/04\/NV-MIGUEL-A\u0301NGEL-CRISTIANI.png","jetpack_sharing_enabled":true,"publishpress_future_action":{"enabled":false,"date":"2026-05-08 05:40:44","action":"change-status","newStatus":"draft","terms":[],"taxonomy":"category","extraData":[]},"publishpress_future_workflow_manual_trigger":{"enabledWorkflows":[]},"_links":{"self":[{"href":"https:\/\/noticiasveracruz.com\/index.php\/wp-json\/wp\/v2\/posts\/3723","targetHints":{"allow":["GET"]}}],"collection":[{"href":"https:\/\/noticiasveracruz.com\/index.php\/wp-json\/wp\/v2\/posts"}],"about":[{"href":"https:\/\/noticiasveracruz.com\/index.php\/wp-json\/wp\/v2\/types\/post"}],"author":[{"embeddable":true,"href":"https:\/\/noticiasveracruz.com\/index.php\/wp-json\/wp\/v2\/users\/4"}],"replies":[{"embeddable":true,"href":"https:\/\/noticiasveracruz.com\/index.php\/wp-json\/wp\/v2\/comments?post=3723"}],"version-history":[{"count":0,"href":"https:\/\/noticiasveracruz.com\/index.php\/wp-json\/wp\/v2\/posts\/3723\/revisions"}],"wp:featuredmedia":[{"embeddable":true,"href":"https:\/\/noticiasveracruz.com\/index.php\/wp-json\/wp\/v2\/media\/3280"}],"wp:attachment":[{"href":"https:\/\/noticiasveracruz.com\/index.php\/wp-json\/wp\/v2\/media?parent=3723"}],"wp:term":[{"taxonomy":"category","embeddable":true,"href":"https:\/\/noticiasveracruz.com\/index.php\/wp-json\/wp\/v2\/categories?post=3723"},{"taxonomy":"post_tag","embeddable":true,"href":"https:\/\/noticiasveracruz.com\/index.php\/wp-json\/wp\/v2\/tags?post=3723"}],"curies":[{"name":"wp","href":"https:\/\/api.w.org\/{rel}","templated":true}]}}