{"id":37005,"date":"2024-08-02T08:09:47","date_gmt":"2024-08-02T13:09:47","guid":{"rendered":"https:\/\/noticiasveracruz.com\/?p=37005"},"modified":"2024-08-02T08:10:34","modified_gmt":"2024-08-02T13:10:34","slug":"cierra-famoso-cine-de-veracruz","status":"publish","type":"post","link":"https:\/\/noticiasveracruz.com\/index.php\/2024\/08\/02\/cierra-famoso-cine-de-veracruz\/","title":{"rendered":"Cierra famoso cine de Veracruz"},"content":{"rendered":"<p><span style=\"font-size: 14pt;\">A trav\u00e9s de un mensaje en las salas de Cinemex, la sucursal plaza Las Palmas, ubicada al norte de Veracruz dio a conocer que el cine cierra sus puertas.<\/span><\/p>\n<p><span style=\"font-size: 14pt;\">La \u00faltima funci\u00f3n de cine fue el martes 30 de julio, tras 21 a\u00f1os de entretener al p\u00fablico de Veracruz a trav\u00e9s de la pantalla grande.<\/span><\/p>\n<p><span style=\"font-size: 14pt;\">Cinemex Palmas abri\u00f3 sus puertas en el 2004, pero como MM Cinemas, m\u00e1s tarde, alrededor de 2012, cambi\u00f3 su imagen y nombre a Cinemex, en 2020 cerr\u00f3 por la pandemia del COVID-19 y reabri\u00f3 en junio de 2021.<\/span><\/p>\n<p><span style=\"font-size: 14pt;\">En redes sociales, empleados mostraron fotograf\u00edas de despedida en su \u00faltimo d\u00eda de labor, mientras el p\u00fablico lamentaba el cierre alegando que es la sala que m\u00e1s se llena en la zona Veracruz-Boca del R\u00edo.<\/span><\/p>\n<p><span style=\"font-size: 14pt;\">La cadena Cinemex contaba con salas en plaza Pinos al norte de la ciudad y en Soriana Boca, ambos complejos ya no ofrecen servicio.<\/span><\/p>\n<p><span style=\"font-size: 14pt;\">Este martes 30 de julio Cinemex Las Palmas cerr\u00f3 las taquillas y termin\u00f3 la funci\u00f3n.<\/span><\/p>\n<p><span style=\"font-size: 14pt;\"><em>\u201cGracias por estos a\u00f1os de haber hecho de Cinemex Las Palmas, su cine favorito.<\/em><\/span><\/p>\n<p><span style=\"font-size: 14pt;\"><em>2005-2024.<\/em><\/span><\/p>\n<p><span style=\"font-size: 14pt;\"><em>Mediante este anuncio se informa el cierre de este complejo.<\/em><\/span><\/p>\n<p><span style=\"font-size: 14pt;\"><em>\u00daltimo d\u00eda de operaci\u00f3n martes 30 de julio 2024.<\/em><\/span><\/p>\n<p><span style=\"font-size: 14pt;\"><em>Se les invita a seguir disfrutando de la magia del cine en los complejos Cinemex de Nuevo Veracruz y Andamar\u201d.<\/em><\/span><\/p>\n","protected":false},"excerpt":{"rendered":"<p>A trav\u00e9s de un mensaje en las salas de Cinemex, la sucursal plaza Las Palmas, ubicada al norte de Veracruz<\/p>\n","protected":false},"author":4,"featured_media":37006,"comment_status":"closed","ping_status":"closed","sticky":false,"template":"","format":"standard","meta":{"colormag_page_container_layout":"default_layout","colormag_page_sidebar_layout":"default_layout","_jetpack_memberships_contains_paid_content":false,"footnotes":"","jetpack_publicize_message":"","jetpack_publicize_feature_enabled":true,"jetpack_social_post_already_shared":true,"jetpack_social_options":{"image_generator_settings":{"template":"highway","default_image_id":0,"font":"","enabled":false},"version":2}},"categories":[356],"tags":[],"class_list":["post-37005","post","type-post","status-publish","format-standard","has-post-thumbnail","hentry","category-veracruz"],"jetpack_publicize_connections":[],"jetpack_featured_media_url":"https:\/\/noticiasveracruz.com\/wp-content\/uploads\/2024\/08\/images.jpg","jetpack_sharing_enabled":true,"publishpress_future_action":{"enabled":false,"date":"2026-05-10 11:13:57","action":"change-status","newStatus":"draft","terms":[],"taxonomy":"category","extraData":[]},"publishpress_future_workflow_manual_trigger":{"enabledWorkflows":[]},"_links":{"self":[{"href":"https:\/\/noticiasveracruz.com\/index.php\/wp-json\/wp\/v2\/posts\/37005","targetHints":{"allow":["GET"]}}],"collection":[{"href":"https:\/\/noticiasveracruz.com\/index.php\/wp-json\/wp\/v2\/posts"}],"about":[{"href":"https:\/\/noticiasveracruz.com\/index.php\/wp-json\/wp\/v2\/types\/post"}],"author":[{"embeddable":true,"href":"https:\/\/noticiasveracruz.com\/index.php\/wp-json\/wp\/v2\/users\/4"}],"replies":[{"embeddable":true,"href":"https:\/\/noticiasveracruz.com\/index.php\/wp-json\/wp\/v2\/comments?post=37005"}],"version-history":[{"count":0,"href":"https:\/\/noticiasveracruz.com\/index.php\/wp-json\/wp\/v2\/posts\/37005\/revisions"}],"wp:featuredmedia":[{"embeddable":true,"href":"https:\/\/noticiasveracruz.com\/index.php\/wp-json\/wp\/v2\/media\/37006"}],"wp:attachment":[{"href":"https:\/\/noticiasveracruz.com\/index.php\/wp-json\/wp\/v2\/media?parent=37005"}],"wp:term":[{"taxonomy":"category","embeddable":true,"href":"https:\/\/noticiasveracruz.com\/index.php\/wp-json\/wp\/v2\/categories?post=37005"},{"taxonomy":"post_tag","embeddable":true,"href":"https:\/\/noticiasveracruz.com\/index.php\/wp-json\/wp\/v2\/tags?post=37005"}],"curies":[{"name":"wp","href":"https:\/\/api.w.org\/{rel}","templated":true}]}}