{"id":36999,"date":"2024-08-02T08:04:11","date_gmt":"2024-08-02T13:04:11","guid":{"rendered":"https:\/\/noticiasveracruz.com\/?p=36999"},"modified":"2024-08-02T08:04:11","modified_gmt":"2024-08-02T13:04:11","slug":"jornada-multidiciplinaria-beneficia-la-calidad-de-vida-de-familias-de-la-zona-urbana-y-rural","status":"publish","type":"post","link":"https:\/\/noticiasveracruz.com\/index.php\/2024\/08\/02\/jornada-multidiciplinaria-beneficia-la-calidad-de-vida-de-familias-de-la-zona-urbana-y-rural\/","title":{"rendered":"Jornada Multidiciplinaria beneficia la calidad de vida de familias de la zona urbana y rural"},"content":{"rendered":"<p><span style=\"font-size: 14pt;\">\u2022 La S\u00edndica Mtra. Beatriz Pi\u00f1a Vergara invit\u00f3 a la ciudadan\u00eda a recibir los beneficios de esta jornada, el pr\u00f3ximo jueves.<\/span><\/p>\n<p><span style=\"font-size: 14pt;\">Con gran \u00e9xito se desarroll\u00f3 la Jornada Multidisciplinaria que realiza cada jueves la sindicatura \u00fanica del gobierno de Tuxpan, bajo la titularidad de la Mtra. Beatriz Pi\u00f1a Vergara.<\/span><\/p>\n<p><span style=\"font-size: 14pt;\">Este espacio tiene como finalidad promover en las familias tuxpe\u00f1as el cuidado de la salud y fomentar el emprendimiento.<\/span><\/p>\n<p><span style=\"font-size: 14pt;\">Un gran n\u00famero de personas asisti\u00f3 desde temprana hora a practicarse gratuitamente el examen de la vista con optometristas del Grupo \u00d3ptico del Totonacapan. Quienes lo requirieron tuvieron oportunidad de adquirir lentes graduados de excelente calidad a bajo costo.<\/span><\/p>\n<p><span style=\"font-size: 14pt;\">Del mismo modo, profesionales del Instituto de Belleza \u201cThe Queens\u201d llevaron a cabo -sin costo- cortes de cabello a ni\u00f1as, ni\u00f1os y adultos.<\/span><\/p>\n<p><span style=\"font-size: 14pt;\">Una vez m\u00e1s se cont\u00f3 con la colaboraci\u00f3n de la fundaci\u00f3n \u201cSin Miedo a Trabajar Contigo\u201d, que imparti\u00f3 un taller para la creaci\u00f3n de decoraciones y arreglos de flores con list\u00f3n.<\/span><\/p>\n<p><span style=\"font-size: 14pt;\">La s\u00edndica expres\u00f3 que, con estas acciones, el gobierno municipal reafirma el compromiso de servir a la poblaci\u00f3n, por lo que extendi\u00f3 la invitaci\u00f3n para que acudan todos los jueves a la planta baja de la presidencia municipal, de 10:00 de la ma\u00f1ana a 3:00 de la tarde y participen en esta jornada.<\/span><\/p>\n","protected":false},"excerpt":{"rendered":"<p>\u2022 La S\u00edndica Mtra. Beatriz Pi\u00f1a Vergara invit\u00f3 a la ciudadan\u00eda a recibir los beneficios de esta jornada, el pr\u00f3ximo<\/p>\n","protected":false},"author":4,"featured_media":37000,"comment_status":"closed","ping_status":"closed","sticky":false,"template":"","format":"standard","meta":{"colormag_page_container_layout":"default_layout","colormag_page_sidebar_layout":"default_layout","_jetpack_memberships_contains_paid_content":false,"footnotes":"","jetpack_publicize_message":"","jetpack_publicize_feature_enabled":true,"jetpack_social_post_already_shared":true,"jetpack_social_options":{"image_generator_settings":{"template":"highway","default_image_id":0,"font":"","enabled":false},"version":2}},"categories":[3372,356],"tags":[],"class_list":["post-36999","post","type-post","status-publish","format-standard","has-post-thumbnail","hentry","category-gobierno-tuxpan","category-veracruz"],"jetpack_publicize_connections":[],"jetpack_featured_media_url":"https:\/\/noticiasveracruz.com\/wp-content\/uploads\/2024\/08\/b34b29db-9cb0-4623-9ec6-fd0cb9205357.jpg","jetpack_sharing_enabled":true,"publishpress_future_action":{"enabled":false,"date":"2026-05-10 09:03:13","action":"change-status","newStatus":"draft","terms":[],"taxonomy":"category","extraData":[]},"publishpress_future_workflow_manual_trigger":{"enabledWorkflows":[]},"_links":{"self":[{"href":"https:\/\/noticiasveracruz.com\/index.php\/wp-json\/wp\/v2\/posts\/36999","targetHints":{"allow":["GET"]}}],"collection":[{"href":"https:\/\/noticiasveracruz.com\/index.php\/wp-json\/wp\/v2\/posts"}],"about":[{"href":"https:\/\/noticiasveracruz.com\/index.php\/wp-json\/wp\/v2\/types\/post"}],"author":[{"embeddable":true,"href":"https:\/\/noticiasveracruz.com\/index.php\/wp-json\/wp\/v2\/users\/4"}],"replies":[{"embeddable":true,"href":"https:\/\/noticiasveracruz.com\/index.php\/wp-json\/wp\/v2\/comments?post=36999"}],"version-history":[{"count":0,"href":"https:\/\/noticiasveracruz.com\/index.php\/wp-json\/wp\/v2\/posts\/36999\/revisions"}],"wp:featuredmedia":[{"embeddable":true,"href":"https:\/\/noticiasveracruz.com\/index.php\/wp-json\/wp\/v2\/media\/37000"}],"wp:attachment":[{"href":"https:\/\/noticiasveracruz.com\/index.php\/wp-json\/wp\/v2\/media?parent=36999"}],"wp:term":[{"taxonomy":"category","embeddable":true,"href":"https:\/\/noticiasveracruz.com\/index.php\/wp-json\/wp\/v2\/categories?post=36999"},{"taxonomy":"post_tag","embeddable":true,"href":"https:\/\/noticiasveracruz.com\/index.php\/wp-json\/wp\/v2\/tags?post=36999"}],"curies":[{"name":"wp","href":"https:\/\/api.w.org\/{rel}","templated":true}]}}