{"id":36989,"date":"2024-08-01T09:12:35","date_gmt":"2024-08-01T14:12:35","guid":{"rendered":"https:\/\/noticiasveracruz.com\/?p=36989"},"modified":"2024-08-01T09:12:35","modified_gmt":"2024-08-01T14:12:35","slug":"sin-seguridad-no-se-realizaran-elecciones-extraordinarias-en-chiapas-dania-ravel","status":"publish","type":"post","link":"https:\/\/noticiasveracruz.com\/index.php\/2024\/08\/01\/sin-seguridad-no-se-realizaran-elecciones-extraordinarias-en-chiapas-dania-ravel\/","title":{"rendered":"Sin seguridad no se realizar\u00e1n elecciones extraordinarias en Chiapas: Dania Ravel"},"content":{"rendered":"<div>\n<div id=\"content-body-225-12327359\">\n<p><span style=\"font-size: 14pt;\">La consejera\u00a0Dania Ravel, presidenta de la Comisi\u00f3n de Vinculaci\u00f3n con los Organismos P\u00fablicos Locales del INE, advirti\u00f3 que\u00a0no se realizar\u00e1n elecciones extraordinarias en tres municipios de Chiapas\u00a0si no hay condiciones de\u00a0seguridad.<\/span><\/p>\n<p><span style=\"font-size: 14pt;\">De acuerdo con el calendario, la\u00a0jornada electoral extraordinaria\u00a0en los municipios chiapanecos de\u00a0Capit\u00e1n Luis \u00c1ngel Vidal,\u00a0Pantelh\u00f3\u00a0y\u00a0Chicomuselo\u00a0\u4e00donde los comicios ordinarios se cancelaron el 2 de junio por la inseguridad\u4e00 se program\u00f3 para el\u00a025 de agosto, sin embargo, la consejera Ravel dijo en entrevista que\u00a0si contin\u00faa la violencia se cancelar\u00e1n los comicios\u00a0para no poner en riesgo a la poblaci\u00f3n ni a los funcionarios del INE.<\/span><\/p>\n<\/div>\n<\/div>\n<div>\n<div id=\"dfp-nota-1x3s\" data-google-query-id=\"CNWOlb3804cDFWagpgQdyi4aJg\">\n<div id=\"google_ads_iframe_\/2000002\/la-prensa\/mexico_nota_1x3_0__container__\"><span style=\"font-size: 14pt;\">\u201cNo vamos a poner en riesgo a la ciudadan\u00eda, no vamos a poner en riesgo al electorado, al funcionariado de casilla y por supuesto tampoco a nuestro personal que est\u00e1 trabajando en campo. Si no existen las condiciones de seguridad para que se pueden hacer estos trabajos, que se puedan hacer las elecciones, pues simplemente no se van a llevar a cabo como no se llevaron a cabo en el proceso electoral ordinario\u201d, dijo.<\/span><\/div>\n<\/div>\n<\/div>\n<article>\n<div id=\"content-body-5851641-12327359\">\n<p><span style=\"font-size: 14pt;\">El INE\u00a0apenas tendr\u00e1\u00a040 d\u00edas para organizar los comicios\u00a0en estos territorios en los que\u00a0grupos\u00a0criminales\u00a0se disputan el control\u00a0y en donde hay\u00a0desplazamiento forzado de habitantes\u00a0que huyen de la\u00a0violencia, como es el caso de\u00a0400 habitantes de Chicomuselo\u00a0que huyeron de su comunidad tras ser atacada con un dron cargado de explosivos.<\/span><\/p>\n<p><span style=\"font-size: 14pt;\">Por lo anterior, la consejera\u00a0Ravel\u00a0reconoci\u00f3 que\u00a0el INE no ha pensado en alg\u00fan mecanismo para que los desplazados voten en los lugares donde se resguardan\u00a0y por ello\u00a0se contempla la cancelaci\u00f3n de los comicios extraordinarios.<\/span><\/p>\n<p><span style=\"font-size: 14pt;\">\u201cNos dieron muy poco tiempo para poder hacer este proceso electoral extraordinario, tan s\u00f3lo 44 d\u00edas, en ese tiempo tan acotado incluso para hacer los trabajos que solemos hacer un proceso ordinario, pues es muy complicado y mucho m\u00e1s entonces pensar en alg\u00fan mecanismo adicional como una votaci\u00f3n anticipada o una votaci\u00f3n desde otro lugar este no no nos dan incluso los tiempos para pensarlo as\u00ed\u201d, dijo.<\/span><\/p>\n<\/div>\n<\/article>\n","protected":false},"excerpt":{"rendered":"<p>La consejera\u00a0Dania Ravel, presidenta de la Comisi\u00f3n de Vinculaci\u00f3n con los Organismos P\u00fablicos Locales del INE, advirti\u00f3 que\u00a0no se realizar\u00e1n<\/p>\n","protected":false},"author":4,"featured_media":36990,"comment_status":"closed","ping_status":"closed","sticky":false,"template":"","format":"standard","meta":{"colormag_page_container_layout":"default_layout","colormag_page_sidebar_layout":"default_layout","_jetpack_memberships_contains_paid_content":false,"footnotes":"","jetpack_publicize_message":"","jetpack_publicize_feature_enabled":true,"jetpack_social_post_already_shared":true,"jetpack_social_options":{"image_generator_settings":{"template":"highway","default_image_id":0,"font":"","enabled":false},"version":2}},"categories":[4],"tags":[],"class_list":["post-36989","post","type-post","status-publish","format-standard","has-post-thumbnail","hentry","category-nacional"],"jetpack_publicize_connections":[],"jetpack_featured_media_url":"https:\/\/noticiasveracruz.com\/wp-content\/uploads\/2024\/08\/Chiapas.png","jetpack_sharing_enabled":true,"publishpress_future_action":{"enabled":false,"date":"2026-05-10 11:18:12","action":"change-status","newStatus":"draft","terms":[],"taxonomy":"category","extraData":[]},"publishpress_future_workflow_manual_trigger":{"enabledWorkflows":[]},"_links":{"self":[{"href":"https:\/\/noticiasveracruz.com\/index.php\/wp-json\/wp\/v2\/posts\/36989","targetHints":{"allow":["GET"]}}],"collection":[{"href":"https:\/\/noticiasveracruz.com\/index.php\/wp-json\/wp\/v2\/posts"}],"about":[{"href":"https:\/\/noticiasveracruz.com\/index.php\/wp-json\/wp\/v2\/types\/post"}],"author":[{"embeddable":true,"href":"https:\/\/noticiasveracruz.com\/index.php\/wp-json\/wp\/v2\/users\/4"}],"replies":[{"embeddable":true,"href":"https:\/\/noticiasveracruz.com\/index.php\/wp-json\/wp\/v2\/comments?post=36989"}],"version-history":[{"count":0,"href":"https:\/\/noticiasveracruz.com\/index.php\/wp-json\/wp\/v2\/posts\/36989\/revisions"}],"wp:featuredmedia":[{"embeddable":true,"href":"https:\/\/noticiasveracruz.com\/index.php\/wp-json\/wp\/v2\/media\/36990"}],"wp:attachment":[{"href":"https:\/\/noticiasveracruz.com\/index.php\/wp-json\/wp\/v2\/media?parent=36989"}],"wp:term":[{"taxonomy":"category","embeddable":true,"href":"https:\/\/noticiasveracruz.com\/index.php\/wp-json\/wp\/v2\/categories?post=36989"},{"taxonomy":"post_tag","embeddable":true,"href":"https:\/\/noticiasveracruz.com\/index.php\/wp-json\/wp\/v2\/tags?post=36989"}],"curies":[{"name":"wp","href":"https:\/\/api.w.org\/{rel}","templated":true}]}}