{"id":36955,"date":"2024-08-01T08:30:07","date_gmt":"2024-08-01T13:30:07","guid":{"rendered":"https:\/\/noticiasveracruz.com\/?p=36955"},"modified":"2024-08-01T08:30:07","modified_gmt":"2024-08-01T13:30:07","slug":"asesinato-de-lider-de-hamas-desata-protestas-en-iran-contra-israel","status":"publish","type":"post","link":"https:\/\/noticiasveracruz.com\/index.php\/2024\/08\/01\/asesinato-de-lider-de-hamas-desata-protestas-en-iran-contra-israel\/","title":{"rendered":"Asesinato de l\u00edder de Hamas desata protestas en Ir\u00e1n contra Israel"},"content":{"rendered":"<p><span style=\"font-size: 14pt;\">Cientos de iran\u00edes\u00a0protagonizaron este mi\u00e9rcoles unas\u00a0protestas en Teher\u00e1n contra\u00a0Israel\u00a0por el\u00a0asesinato del jefe\u00a0del bur\u00f3 pol\u00edtico del movimiento\u00a0islamista\u00a0palestino\u00a0Hamas,\u00a0Ismail Haniyeh, ocurrido esta madrugada en la capital iran\u00ed.<\/span><\/p>\n<p><span style=\"font-size: 14pt;\">Los manifestantes se congregaron en la plaza Palestina, en el centro de\u00a0Teher\u00e1n, y con gritos de \u201cmuerte a Israel\u201d y \u201cmuerte a Estados Unidos\u00bb, ondearon las banderas de Ir\u00e1n, Palestina y del movimiento chi\u00ed liban\u00e9s Hizbul\u00e1, y repudiaron el asesinato de Haniyeh, seg\u00fan las im\u00e1genes transmitidas por la televisi\u00f3n estatal iran\u00ed.<\/span><\/p>\n<p><span style=\"font-size: 14pt;\">Los asistentes tambi\u00e9n portaban\u00a0pancartas y retratos del l\u00edder supremo de Ir\u00e1n,\u00a0Ali Jamene\u00ed, y del\u00a0l\u00edder de Hamas, asesinado junto con uno de sus guardaespaldas a las 02:00 de este mi\u00e9rcoles (22.30 GMT del martes), en un\u00a0ataque contra su residencia en Teher\u00e1n.<\/span><\/p>\n<p><span style=\"font-size: 14pt;\">El Gobierno de Ir\u00e1n, adem\u00e1s, anunci\u00f3 , al condenar el \u201cacto brutal\u201d, el cual afirm\u00f3 que \u201csum\u00f3 una hoja m\u00e1s a la vergonzosa lista de cr\u00edmenes cometidos por la secta sionista criminal y usurpadora (Israel)\u201d.El l\u00edder supremo del pa\u00eds, a su vez, advirti\u00f3 que . \u201cCon este acto, el criminal y terrorista r\u00e9gimen sionista (Israel) ha preparado el terreno para un duro castigo y \u201d, afirm\u00f3 Jamenei en un comunicado. y otros se encuentran en una desde el 7 de octubre pasado, despu\u00e9s de que atacaran el territorio israel\u00ed, lo que caus\u00f3 .<\/span><\/p>\n","protected":false},"excerpt":{"rendered":"<p>Cientos de iran\u00edes\u00a0protagonizaron este mi\u00e9rcoles unas\u00a0protestas en Teher\u00e1n contra\u00a0Israel\u00a0por el\u00a0asesinato del jefe\u00a0del bur\u00f3 pol\u00edtico del movimiento\u00a0islamista\u00a0palestino\u00a0Hamas,\u00a0Ismail Haniyeh, ocurrido esta madrugada<\/p>\n","protected":false},"author":4,"featured_media":36956,"comment_status":"closed","ping_status":"closed","sticky":false,"template":"","format":"standard","meta":{"colormag_page_container_layout":"default_layout","colormag_page_sidebar_layout":"default_layout","_jetpack_memberships_contains_paid_content":false,"footnotes":"","jetpack_publicize_message":"","jetpack_publicize_feature_enabled":true,"jetpack_social_post_already_shared":true,"jetpack_social_options":{"image_generator_settings":{"template":"highway","default_image_id":0,"font":"","enabled":false},"version":2}},"categories":[355],"tags":[],"class_list":["post-36955","post","type-post","status-publish","format-standard","has-post-thumbnail","hentry","category-internacional"],"jetpack_publicize_connections":[],"jetpack_featured_media_url":"https:\/\/noticiasveracruz.com\/wp-content\/uploads\/2024\/08\/Protestas-en-Iran-contra-Israel-1.png","jetpack_sharing_enabled":true,"publishpress_future_action":{"enabled":false,"date":"2026-05-09 04:23:50","action":"change-status","newStatus":"draft","terms":[],"taxonomy":"category","extraData":[]},"publishpress_future_workflow_manual_trigger":{"enabledWorkflows":[]},"_links":{"self":[{"href":"https:\/\/noticiasveracruz.com\/index.php\/wp-json\/wp\/v2\/posts\/36955","targetHints":{"allow":["GET"]}}],"collection":[{"href":"https:\/\/noticiasveracruz.com\/index.php\/wp-json\/wp\/v2\/posts"}],"about":[{"href":"https:\/\/noticiasveracruz.com\/index.php\/wp-json\/wp\/v2\/types\/post"}],"author":[{"embeddable":true,"href":"https:\/\/noticiasveracruz.com\/index.php\/wp-json\/wp\/v2\/users\/4"}],"replies":[{"embeddable":true,"href":"https:\/\/noticiasveracruz.com\/index.php\/wp-json\/wp\/v2\/comments?post=36955"}],"version-history":[{"count":0,"href":"https:\/\/noticiasveracruz.com\/index.php\/wp-json\/wp\/v2\/posts\/36955\/revisions"}],"wp:featuredmedia":[{"embeddable":true,"href":"https:\/\/noticiasveracruz.com\/index.php\/wp-json\/wp\/v2\/media\/36956"}],"wp:attachment":[{"href":"https:\/\/noticiasveracruz.com\/index.php\/wp-json\/wp\/v2\/media?parent=36955"}],"wp:term":[{"taxonomy":"category","embeddable":true,"href":"https:\/\/noticiasveracruz.com\/index.php\/wp-json\/wp\/v2\/categories?post=36955"},{"taxonomy":"post_tag","embeddable":true,"href":"https:\/\/noticiasveracruz.com\/index.php\/wp-json\/wp\/v2\/tags?post=36955"}],"curies":[{"name":"wp","href":"https:\/\/api.w.org\/{rel}","templated":true}]}}