{"id":36927,"date":"2024-07-26T16:50:42","date_gmt":"2024-07-26T21:50:42","guid":{"rendered":"https:\/\/noticiasveracruz.com\/?p=36927"},"modified":"2024-07-31T16:51:37","modified_gmt":"2024-07-31T21:51:37","slug":"gran-respuesta-a-la-jornada-de-salud-visual-a-los-cortes-de-cabello-gratis-y-al-taller-de-creacion-de-flores-con-liston","status":"publish","type":"post","link":"https:\/\/noticiasveracruz.com\/index.php\/2024\/07\/26\/gran-respuesta-a-la-jornada-de-salud-visual-a-los-cortes-de-cabello-gratis-y-al-taller-de-creacion-de-flores-con-liston\/","title":{"rendered":"Gran respuesta a la jornada de salud visual, a los cortes de cabello gratis y al taller de creaci\u00f3n de flores con list\u00f3n"},"content":{"rendered":"<p><span style=\"font-size: 14pt;\">Con una enorme participaci\u00f3n ciudadana, en la planta baja de presidencia municipal se llev\u00f3 a cabo la Jornada Multidisciplinaria que realiza la sindicatura \u00fanica del gobierno de Tuxpan, a cargo de la s\u00edndica Mtra. Beatriz Pi\u00f1a Vergara.<\/span><\/p>\n<p><span style=\"font-size: 14pt;\">Como cada jueves, especialistas del Grupo \u00d3ptico del Totonacapan llevaron a cabo valoraciones visuales gratuitas para detectar defectos oculares, ofreciendo adem\u00e1s la adquisici\u00f3n de anteojos de excelente calidad, y con una gran variedad de armazones, a un bajo costo.<\/span><\/p>\n<p><span style=\"font-size: 14pt;\">Del mismo modo, personas de todas las edades asistieron a la campa\u00f1a de corte de cabello sin costo, los cuales fueron realizados por estilistas profesionales del Instituto de Belleza \u201cThe Queens\u201d.<\/span><\/p>\n<p><span style=\"font-size: 14pt;\">Por \u00faltimo, con la colaboraci\u00f3n de la fundaci\u00f3n \u201cSin miedo a trabajar contigo\u201d se imparti\u00f3 un para la creaci\u00f3n de flores con list\u00f3n cuyo objetivo es que, quien as\u00ed lo desee, aprenda a elaborar decoraciones tanto para el hogar, como arreglos que puedan vender y les genere un ingreso familiar extra.<\/span><\/p>\n<p><span style=\"font-size: 14pt;\">Pi\u00f1a Vergara mencion\u00f3 que esta jornada busca llevar bienestar a la mayor cantidad de poblaci\u00f3n, por lo que reiter\u00f3 la invitaci\u00f3n al p\u00fablico en general para que asista todos los jueves de 10:00 a 15:00 horas y aproveche esta importante campa\u00f1a en beneficio de su salud y su econom\u00eda familiar.<\/span><\/p>\n","protected":false},"excerpt":{"rendered":"<p>Con una enorme participaci\u00f3n ciudadana, en la planta baja de presidencia municipal se llev\u00f3 a cabo la Jornada Multidisciplinaria que<\/p>\n","protected":false},"author":4,"featured_media":36928,"comment_status":"closed","ping_status":"closed","sticky":false,"template":"","format":"standard","meta":{"colormag_page_container_layout":"default_layout","colormag_page_sidebar_layout":"default_layout","_jetpack_memberships_contains_paid_content":false,"footnotes":"","jetpack_publicize_message":"","jetpack_publicize_feature_enabled":true,"jetpack_social_post_already_shared":true,"jetpack_social_options":{"image_generator_settings":{"template":"highway","default_image_id":0,"font":"","enabled":false},"version":2}},"categories":[3372],"tags":[],"class_list":["post-36927","post","type-post","status-publish","format-standard","has-post-thumbnail","hentry","category-gobierno-tuxpan"],"jetpack_publicize_connections":[],"jetpack_featured_media_url":"https:\/\/noticiasveracruz.com\/wp-content\/uploads\/2024\/07\/8c7ba1c4-6c14-4f1a-bb0a-d7c34705089a.jpg","jetpack_sharing_enabled":true,"publishpress_future_action":{"enabled":false,"date":"2026-05-10 10:05:49","action":"change-status","newStatus":"draft","terms":[],"taxonomy":"category","extraData":[]},"publishpress_future_workflow_manual_trigger":{"enabledWorkflows":[]},"_links":{"self":[{"href":"https:\/\/noticiasveracruz.com\/index.php\/wp-json\/wp\/v2\/posts\/36927","targetHints":{"allow":["GET"]}}],"collection":[{"href":"https:\/\/noticiasveracruz.com\/index.php\/wp-json\/wp\/v2\/posts"}],"about":[{"href":"https:\/\/noticiasveracruz.com\/index.php\/wp-json\/wp\/v2\/types\/post"}],"author":[{"embeddable":true,"href":"https:\/\/noticiasveracruz.com\/index.php\/wp-json\/wp\/v2\/users\/4"}],"replies":[{"embeddable":true,"href":"https:\/\/noticiasveracruz.com\/index.php\/wp-json\/wp\/v2\/comments?post=36927"}],"version-history":[{"count":0,"href":"https:\/\/noticiasveracruz.com\/index.php\/wp-json\/wp\/v2\/posts\/36927\/revisions"}],"wp:featuredmedia":[{"embeddable":true,"href":"https:\/\/noticiasveracruz.com\/index.php\/wp-json\/wp\/v2\/media\/36928"}],"wp:attachment":[{"href":"https:\/\/noticiasveracruz.com\/index.php\/wp-json\/wp\/v2\/media?parent=36927"}],"wp:term":[{"taxonomy":"category","embeddable":true,"href":"https:\/\/noticiasveracruz.com\/index.php\/wp-json\/wp\/v2\/categories?post=36927"},{"taxonomy":"post_tag","embeddable":true,"href":"https:\/\/noticiasveracruz.com\/index.php\/wp-json\/wp\/v2\/tags?post=36927"}],"curies":[{"name":"wp","href":"https:\/\/api.w.org\/{rel}","templated":true}]}}