{"id":36921,"date":"2024-07-19T16:48:31","date_gmt":"2024-07-19T21:48:31","guid":{"rendered":"https:\/\/noticiasveracruz.com\/?p=36921"},"modified":"2024-07-31T16:49:19","modified_gmt":"2024-07-31T21:49:19","slug":"se-realizo-en-tuxpan-la-jornada-en-el-que-se-ofertaron-un-gran-numero-de-vacantes","status":"publish","type":"post","link":"https:\/\/noticiasveracruz.com\/index.php\/2024\/07\/19\/se-realizo-en-tuxpan-la-jornada-en-el-que-se-ofertaron-un-gran-numero-de-vacantes\/","title":{"rendered":"Se realiz\u00f3 en Tuxpan la jornada en el que se ofertaron un gran n\u00famero de vacantes"},"content":{"rendered":"<p><span style=\"font-size: 14pt;\">La Secretar\u00eda de Trabajo, Previsi\u00f3n Social y Productividad (STPSP) del estado de Veracruz, el H. Ayuntamiento de Tuxpan y el Servicio Nacional del Empleo llevaron a cabo una jornada de reclutamiento masivo para la poblaci\u00f3n que busca alguna oportunidad laboral.<\/span><\/p>\n<p><span style=\"font-size: 14pt;\">Encabezaron el arranque de esta jornada el alcalde Jos\u00e9 Manuel Pozos Castro; la Lic. Dorheny Cayetano, secretaria del Trabajo, Previsi\u00f3n Social y Productividad (STPSP); la Lic. Yoshadara Landa V\u00e1zquez, directora de STPSP; el Lic. Daniel Cortina Mart\u00ednez, diputado electo por el tercer distrito; y el Lic. Juan Pablo Alc\u00e1ntar Alvarado, director de Desarrollo Econ\u00f3mico.<\/span><\/p>\n<p><span style=\"font-size: 14pt;\">El presidente municipal celebr\u00f3 la realizaci\u00f3n de este reclutamiento, ya que -dijo- \u201cbrinda oportunidad a mujeres y hombres para obtener un empleo formal digno\u201d.<\/span><\/p>\n<p><span style=\"font-size: 14pt;\">En ese sentido, reconoci\u00f3 la labor del Servicio Nacional del Empleo, del Gobierno del Estado de Veracruz y de la Secretar\u00eda de Trabajo, Previsi\u00f3n Social y Productividad, por fomentar el Tuxpan el empleo pleno y productivo.<\/span><\/p>\n<p><span style=\"font-size: 14pt;\">\u201cMe da gusto ver que las empresas e instituciones p\u00fablicas est\u00e1n ofertando vacantes para diversos perfiles de aspirantes, ampliando las oportunidades de contrataci\u00f3n. No hay duda de que los empleos bien remunerados son una verdadera luz de esperanza\u201d, expres\u00f3.<\/span><\/p>\n<p><span style=\"font-size: 14pt;\">Pozos Castro destac\u00f3 \u201cPodemos sentirnos orgullosos de contar con la mejor mano de obra calificada del pa\u00eds y de estar participando en proyectos energ\u00e9ticos que son orgullo de M\u00e9xico\u201d.<\/span><\/p>\n<p><span style=\"font-size: 14pt;\">Del mismo modo, indic\u00f3 que trabajando de manera coordinada los 3 niveles de gobierno, se continuar\u00e1n generando nuevos empleos con condiciones justas, seguras y bien remuneradas: \u201cAsumimos el reto de continuar generando innovaci\u00f3n y competitividad para el desarrollo sostenible\u201d.<\/span><\/p>\n<p><span style=\"font-size: 14pt;\">Por su parte, Dorheny Cayetano mencion\u00f3 que una de las acciones que le da sentido a la STPSP es acercar empleos para que personas de todas las edades lleven un sustento a sus hogares.<\/span><\/p>\n<p><span style=\"font-size: 14pt;\">\u201cEstoy muy orgullosa de que nuevamente estemos visitando Tuxpan en un ejercicio de reclutamiento masivo\u201d, se\u00f1al\u00f3.<\/span><br \/>\n<span style=\"font-size: 14pt;\">Agradeci\u00f3 el inter\u00e9s del alcalde Jos\u00e9 Manuel Pozos Castro por acercar estas oportunidades laborales a la ciudadan\u00eda.<\/span><\/p>\n<p><span style=\"font-size: 14pt;\">Se ofrecieron 106 plazas vacantes para polic\u00edas operativos, soldadores, oficiales y ayudantes de herrer\u00eda, asistentes administrativos, cargadores, botargueros, choferes, montacarguistas, asesores de ventas, gestores de cobranza, personal para cajas, entre otros.<\/span><\/p>\n<p><span style=\"font-size: 14pt;\">Entre las empresas participantes estuvieron el IPAX, Banco Azteca, Farmacias Similares, CGS Estructura y Laminaci\u00f3n, Key Ferreter\u00edas, Ferretera Teller\u00eda Tuxpan, Mansur Solar S.A. de C.V. que ofert\u00f3 vacantes laborales para el estado de Quer\u00e9taro y Walmart, que contrat\u00f3 a personas con discapacidad.<\/span><\/p>\n<p><span style=\"font-size: 14pt;\">Al evento tambi\u00e9n asistieron los regidores Amado Guti\u00e9rrez Lima y Axel Bernal Herrera, as\u00ed como la directora del ICATVER Tuxpan, Lic. Yesica Mar Ruiz y representantes de los integrantes del cuerpo edilicio.<\/span><\/p>\n","protected":false},"excerpt":{"rendered":"<p>La Secretar\u00eda de Trabajo, Previsi\u00f3n Social y Productividad (STPSP) del estado de Veracruz, el H. Ayuntamiento de Tuxpan y el<\/p>\n","protected":false},"author":4,"featured_media":36922,"comment_status":"closed","ping_status":"closed","sticky":false,"template":"","format":"standard","meta":{"colormag_page_container_layout":"default_layout","colormag_page_sidebar_layout":"default_layout","_jetpack_memberships_contains_paid_content":false,"footnotes":"","jetpack_publicize_message":"","jetpack_publicize_feature_enabled":true,"jetpack_social_post_already_shared":true,"jetpack_social_options":{"image_generator_settings":{"template":"highway","default_image_id":0,"font":"","enabled":false},"version":2}},"categories":[3372],"tags":[],"class_list":["post-36921","post","type-post","status-publish","format-standard","has-post-thumbnail","hentry","category-gobierno-tuxpan"],"jetpack_publicize_connections":[],"jetpack_featured_media_url":"https:\/\/noticiasveracruz.com\/wp-content\/uploads\/2024\/07\/76f327a3-c6c2-48d3-9329-05c5906ce911.jpg","jetpack_sharing_enabled":true,"publishpress_future_action":{"enabled":false,"date":"2026-05-10 10:06:11","action":"change-status","newStatus":"draft","terms":[],"taxonomy":"category","extraData":[]},"publishpress_future_workflow_manual_trigger":{"enabledWorkflows":[]},"_links":{"self":[{"href":"https:\/\/noticiasveracruz.com\/index.php\/wp-json\/wp\/v2\/posts\/36921","targetHints":{"allow":["GET"]}}],"collection":[{"href":"https:\/\/noticiasveracruz.com\/index.php\/wp-json\/wp\/v2\/posts"}],"about":[{"href":"https:\/\/noticiasveracruz.com\/index.php\/wp-json\/wp\/v2\/types\/post"}],"author":[{"embeddable":true,"href":"https:\/\/noticiasveracruz.com\/index.php\/wp-json\/wp\/v2\/users\/4"}],"replies":[{"embeddable":true,"href":"https:\/\/noticiasveracruz.com\/index.php\/wp-json\/wp\/v2\/comments?post=36921"}],"version-history":[{"count":0,"href":"https:\/\/noticiasveracruz.com\/index.php\/wp-json\/wp\/v2\/posts\/36921\/revisions"}],"wp:featuredmedia":[{"embeddable":true,"href":"https:\/\/noticiasveracruz.com\/index.php\/wp-json\/wp\/v2\/media\/36922"}],"wp:attachment":[{"href":"https:\/\/noticiasveracruz.com\/index.php\/wp-json\/wp\/v2\/media?parent=36921"}],"wp:term":[{"taxonomy":"category","embeddable":true,"href":"https:\/\/noticiasveracruz.com\/index.php\/wp-json\/wp\/v2\/categories?post=36921"},{"taxonomy":"post_tag","embeddable":true,"href":"https:\/\/noticiasveracruz.com\/index.php\/wp-json\/wp\/v2\/tags?post=36921"}],"curies":[{"name":"wp","href":"https:\/\/api.w.org\/{rel}","templated":true}]}}