{"id":36918,"date":"2024-07-19T16:47:35","date_gmt":"2024-07-19T21:47:35","guid":{"rendered":"https:\/\/noticiasveracruz.com\/?p=36918"},"modified":"2024-07-31T16:48:25","modified_gmt":"2024-07-31T21:48:25","slug":"nuevo-camion-compactador-modelo-2025-se-incorpora-a-la-limpia-publica-de-tuxpan-2","status":"publish","type":"post","link":"https:\/\/noticiasveracruz.com\/index.php\/2024\/07\/19\/nuevo-camion-compactador-modelo-2025-se-incorpora-a-la-limpia-publica-de-tuxpan-2\/","title":{"rendered":"Nuevo cami\u00f3n compactador modelo 2025 se incorpora a la limpia p\u00fablica de Tuxpan"},"content":{"rendered":"<ul>\n<li><span style=\"font-size: 14pt;\">\u2022 La moderna unidad fue donada por la empresa ADO y de inmediato se incorporar\u00e1 al servicio.<\/span><br \/>\n<span style=\"font-size: 14pt;\">\u2022 El alcalde Jos\u00e9 Manuel Pozos Castro agradeci\u00f3 a esta empresa socialmente responsable.<\/span><\/li>\n<\/ul>\n<p><span style=\"font-size: 14pt;\">El alcalde Jos\u00e9 Manuel Pozos Castro recibi\u00f3 un cami\u00f3n compactador de basura marca International, Modelo 2025, que fue donado por la empresa ADO, por lo que a nombre del gobierno y del pueblo de Tuxpan expres\u00f3 su agradecimiento.<\/span><\/p>\n<p><span style=\"font-size: 14pt;\">Representaron a ADO en la entrega de esta unidad Juan Felipe Elizalde Gonz\u00e1lez, gerente comercial; la Ing. Lizbeth Hern\u00e1ndez Licona, supervisora de mercado y Jos\u00e9 Manuel Mart\u00ednez, coordinador de obra.<\/span><\/p>\n<p><span style=\"font-size: 14pt;\">Tambi\u00e9n acompa\u00f1aron al alcalde la regidora Mar\u00eda del Pilar Mart\u00ednez Matesanz; los regidores Juan G\u00f3mez Garc\u00eda, Axel Bernal Herrera, Amado Guti\u00e9rrez Lima y el Lic. Jes\u00fas Rosas Bautista, director de Servicios P\u00fablicos Municipales.<\/span><\/p>\n<p><span style=\"font-size: 14pt;\">En su mensaje, el presidente municipal mencion\u00f3 que la limpieza y el cuidado del medio ambiente son componentes imprescindibles de una ciudad pr\u00f3spera, saludable y sostenible.<\/span><\/p>\n<p><span style=\"font-size: 14pt;\">Bajo ese tenor, refiri\u00f3: \u201cesta tarde, me emociona mucho anunciarles que la empresa ADO ha decidido acompa\u00f1arnos y apoyarnos en nuestro prop\u00f3sito de hacer de Tuxpan una ciudad siempre limpia\u201d.<\/span><\/p>\n<p><span style=\"font-size: 14pt;\">Pozos Castro Agradeci\u00f3 en nombre del pueblo y gobierno de Tuxpan a Grupo ADO, por ser una empresa socialmente responsable y comprometida con el desarrollo del municipio:<\/span><\/p>\n<p><span style=\"font-size: 14pt;\">\u201cSiempre lo he dicho, en Tuxpan son bienvenidas las empresas que invierten y hacen de la responsabilidad social un compromiso \u00e9tico y de valores. Me da mucho gusto que cada d\u00eda existe una mayor conciencia colectiva para hacer de Tuxpan una ciudad siempre limpia y sostenible\u201d.<\/span><\/p>\n<p><span style=\"font-size: 14pt;\">El gerente general comercial de Mobility ADO, Juan Felipe Elizalde Gonz\u00e1lez, dijo que la suma de esfuerzos contribuye en el avance de las ciudades: \u201cser parte de forma activa en el desarrollo de las comunidades refuerza nuestro compromiso de avanzar en conjunto, y nos compromete a seguir brindando un servicio de calidad para mejorar d\u00eda con d\u00eda\u201d.<\/span><\/p>\n<p><span style=\"font-size: 14pt;\">Agreg\u00f3 que el trabajo en equipo es una de las razones que ha posicionado a ADO como la empresa l\u00edder en transporte de pasajeros y movilidad.<\/span><\/p>\n<p><span style=\"font-size: 14pt;\">\u201cTenemos algo en com\u00fan, nosotros trabajamos para la gente, al igual que el gobierno que lidera Jos\u00e9 Manuel Pozos Castro, a quien agradezco por permitirnos trabajar en sinergia para este tipo de proyectos para la gente\u201d, destac\u00f3.<\/span><\/p>\n","protected":false},"excerpt":{"rendered":"<p>\u2022 La moderna unidad fue donada por la empresa ADO y de inmediato se incorporar\u00e1 al servicio. \u2022 El alcalde<\/p>\n","protected":false},"author":4,"featured_media":36919,"comment_status":"closed","ping_status":"closed","sticky":false,"template":"","format":"standard","meta":{"colormag_page_container_layout":"default_layout","colormag_page_sidebar_layout":"default_layout","_jetpack_memberships_contains_paid_content":false,"footnotes":"","jetpack_publicize_message":"","jetpack_publicize_feature_enabled":true,"jetpack_social_post_already_shared":true,"jetpack_social_options":{"image_generator_settings":{"template":"highway","default_image_id":0,"font":"","enabled":false},"version":2}},"categories":[3372],"tags":[],"class_list":["post-36918","post","type-post","status-publish","format-standard","has-post-thumbnail","hentry","category-gobierno-tuxpan"],"jetpack_publicize_connections":[],"jetpack_featured_media_url":"https:\/\/noticiasveracruz.com\/wp-content\/uploads\/2024\/07\/b8dee1bd-9057-4b43-9fdb-9944c6258fd7-1.jpg","jetpack_sharing_enabled":true,"publishpress_future_action":{"enabled":false,"date":"2026-05-10 10:05:50","action":"change-status","newStatus":"draft","terms":[],"taxonomy":"category","extraData":[]},"publishpress_future_workflow_manual_trigger":{"enabledWorkflows":[]},"_links":{"self":[{"href":"https:\/\/noticiasveracruz.com\/index.php\/wp-json\/wp\/v2\/posts\/36918","targetHints":{"allow":["GET"]}}],"collection":[{"href":"https:\/\/noticiasveracruz.com\/index.php\/wp-json\/wp\/v2\/posts"}],"about":[{"href":"https:\/\/noticiasveracruz.com\/index.php\/wp-json\/wp\/v2\/types\/post"}],"author":[{"embeddable":true,"href":"https:\/\/noticiasveracruz.com\/index.php\/wp-json\/wp\/v2\/users\/4"}],"replies":[{"embeddable":true,"href":"https:\/\/noticiasveracruz.com\/index.php\/wp-json\/wp\/v2\/comments?post=36918"}],"version-history":[{"count":0,"href":"https:\/\/noticiasveracruz.com\/index.php\/wp-json\/wp\/v2\/posts\/36918\/revisions"}],"wp:featuredmedia":[{"embeddable":true,"href":"https:\/\/noticiasveracruz.com\/index.php\/wp-json\/wp\/v2\/media\/36919"}],"wp:attachment":[{"href":"https:\/\/noticiasveracruz.com\/index.php\/wp-json\/wp\/v2\/media?parent=36918"}],"wp:term":[{"taxonomy":"category","embeddable":true,"href":"https:\/\/noticiasveracruz.com\/index.php\/wp-json\/wp\/v2\/categories?post=36918"},{"taxonomy":"post_tag","embeddable":true,"href":"https:\/\/noticiasveracruz.com\/index.php\/wp-json\/wp\/v2\/tags?post=36918"}],"curies":[{"name":"wp","href":"https:\/\/api.w.org\/{rel}","templated":true}]}}