{"id":36915,"date":"2024-07-18T16:45:47","date_gmt":"2024-07-18T21:45:47","guid":{"rendered":"https:\/\/noticiasveracruz.com\/?p=36915"},"modified":"2024-07-31T16:47:19","modified_gmt":"2024-07-31T21:47:19","slug":"jornadas-de-salud-visual-siguen-beneficiando-a-mas-familias-tuxpenas-2","status":"publish","type":"post","link":"https:\/\/noticiasveracruz.com\/index.php\/2024\/07\/18\/jornadas-de-salud-visual-siguen-beneficiando-a-mas-familias-tuxpenas-2\/","title":{"rendered":"Jornadas de Salud Visual siguen beneficiando a m\u00e1s familias tuxpe\u00f1as"},"content":{"rendered":"<p><span style=\"font-size: 14pt;\">Mas personas fueron beneficiadas este jueves en la Jornada de Salud Visual que realiza la sindicatura \u00fanica del gobierno de Tuxpan, a cargo de la Mtra. Beatriz Pi\u00f1a Vergara.<\/span><\/p>\n<p><span style=\"font-size: 14pt;\">Optometristas de Grupo \u00d3ptico del Totonacapan practicaron gratuitamente ex\u00e1menes de la vista, y ofrecieron la adquisici\u00f3n de lentes graduados de excelente calidad a bajo costo.<\/span><\/p>\n<p><span style=\"font-size: 14pt;\">La s\u00edndica Beatriz Pi\u00f1a indic\u00f3 que el objetivo principal es preservar la salud y generar bienestar en la poblaci\u00f3n; siendo adem\u00e1s un apoyo a la econom\u00eda familiar, ya que a trav\u00e9s de las valoraciones visuales se han detectado defectos en la vista, derivando en el inicio tratamientos que permitan detener su avance.<\/span><\/p>\n<p><span style=\"font-size: 14pt;\">Por ello, reiter\u00f3 una vez m\u00e1s la invitaci\u00f3n para que asistan a esta jornada que se lleva a cabo todos los jueves, de 10:00 a 15:00 horas, en la planta baja de presidencia municipal.<\/span><\/p>\n<p><span style=\"font-size: 14pt;\">A este programa se sum\u00f3 la campa\u00f1a de cortes de cabello sin costo alguno, con el apoyo del Instituto de Belleza \u201cThe Queens\u201d, as\u00ed como un taller para crear flores con list\u00f3n, impartido por la fundaci\u00f3n \u201cSin miedo a trabajar contigo\u201d, los cuales han tenido una gran aceptaci\u00f3n ciudadana.<\/span><\/p>\n","protected":false},"excerpt":{"rendered":"<p>Mas personas fueron beneficiadas este jueves en la Jornada de Salud Visual que realiza la sindicatura \u00fanica del gobierno de<\/p>\n","protected":false},"author":4,"featured_media":36916,"comment_status":"closed","ping_status":"closed","sticky":false,"template":"","format":"standard","meta":{"colormag_page_container_layout":"default_layout","colormag_page_sidebar_layout":"default_layout","_jetpack_memberships_contains_paid_content":false,"footnotes":"","jetpack_publicize_message":"","jetpack_publicize_feature_enabled":true,"jetpack_social_post_already_shared":true,"jetpack_social_options":{"image_generator_settings":{"template":"highway","default_image_id":0,"font":"","enabled":false},"version":2}},"categories":[3372],"tags":[],"class_list":["post-36915","post","type-post","status-publish","format-standard","has-post-thumbnail","hentry","category-gobierno-tuxpan"],"jetpack_publicize_connections":[],"jetpack_featured_media_url":"https:\/\/noticiasveracruz.com\/wp-content\/uploads\/2024\/07\/29905a6f-18ec-4be8-af5b-09e6dcf36310-1.jpg","jetpack_sharing_enabled":true,"publishpress_future_action":{"enabled":false,"date":"2026-05-10 10:05:49","action":"change-status","newStatus":"draft","terms":[],"taxonomy":"category","extraData":[]},"publishpress_future_workflow_manual_trigger":{"enabledWorkflows":[]},"_links":{"self":[{"href":"https:\/\/noticiasveracruz.com\/index.php\/wp-json\/wp\/v2\/posts\/36915","targetHints":{"allow":["GET"]}}],"collection":[{"href":"https:\/\/noticiasveracruz.com\/index.php\/wp-json\/wp\/v2\/posts"}],"about":[{"href":"https:\/\/noticiasveracruz.com\/index.php\/wp-json\/wp\/v2\/types\/post"}],"author":[{"embeddable":true,"href":"https:\/\/noticiasveracruz.com\/index.php\/wp-json\/wp\/v2\/users\/4"}],"replies":[{"embeddable":true,"href":"https:\/\/noticiasveracruz.com\/index.php\/wp-json\/wp\/v2\/comments?post=36915"}],"version-history":[{"count":0,"href":"https:\/\/noticiasveracruz.com\/index.php\/wp-json\/wp\/v2\/posts\/36915\/revisions"}],"wp:featuredmedia":[{"embeddable":true,"href":"https:\/\/noticiasveracruz.com\/index.php\/wp-json\/wp\/v2\/media\/36916"}],"wp:attachment":[{"href":"https:\/\/noticiasveracruz.com\/index.php\/wp-json\/wp\/v2\/media?parent=36915"}],"wp:term":[{"taxonomy":"category","embeddable":true,"href":"https:\/\/noticiasveracruz.com\/index.php\/wp-json\/wp\/v2\/categories?post=36915"},{"taxonomy":"post_tag","embeddable":true,"href":"https:\/\/noticiasveracruz.com\/index.php\/wp-json\/wp\/v2\/tags?post=36915"}],"curies":[{"name":"wp","href":"https:\/\/api.w.org\/{rel}","templated":true}]}}