{"id":36912,"date":"2024-07-18T16:44:39","date_gmt":"2024-07-18T21:44:39","guid":{"rendered":"https:\/\/noticiasveracruz.com\/?p=36912"},"modified":"2024-07-31T16:45:34","modified_gmt":"2024-07-31T21:45:34","slug":"habra-empleo","status":"publish","type":"post","link":"https:\/\/noticiasveracruz.com\/index.php\/2024\/07\/18\/habra-empleo\/","title":{"rendered":"Habr\u00e1 empleo"},"content":{"rendered":"<p><span style=\"font-size: 14pt;\">La Secretar\u00eda de Trabajo, Previsi\u00f3n Social y Productividad, el Servicio Nacional de Empleo (SNE) y el Gobierno de Tuxpan invitan a la ciudadan\u00eda al \u201cReclutamiento Masivo\u201d, que se realizar\u00e1 hoy jueves, de 09:00 a 15:00 horas, en la Plaza C\u00edvica.<\/span><br \/>\n<span style=\"font-size: 14pt;\">En este evento un gran n\u00famero de empresas estar\u00e1n ofertando empleos formales a mujeres y hombres, mayores de 18 a\u00f1os. No olvide presentarse con su documentaci\u00f3n (solicitud de empleo, INE, CURP).<\/span><\/p>\n","protected":false},"excerpt":{"rendered":"<p>La Secretar\u00eda de Trabajo, Previsi\u00f3n Social y Productividad, el Servicio Nacional de Empleo (SNE) y el Gobierno de Tuxpan invitan<\/p>\n","protected":false},"author":4,"featured_media":36913,"comment_status":"closed","ping_status":"closed","sticky":false,"template":"","format":"standard","meta":{"colormag_page_container_layout":"default_layout","colormag_page_sidebar_layout":"default_layout","_jetpack_memberships_contains_paid_content":false,"footnotes":"","jetpack_publicize_message":"","jetpack_publicize_feature_enabled":true,"jetpack_social_post_already_shared":true,"jetpack_social_options":{"image_generator_settings":{"template":"highway","default_image_id":0,"font":"","enabled":false},"version":2}},"categories":[3372],"tags":[],"class_list":["post-36912","post","type-post","status-publish","format-standard","has-post-thumbnail","hentry","category-gobierno-tuxpan"],"jetpack_publicize_connections":[],"jetpack_featured_media_url":"https:\/\/noticiasveracruz.com\/wp-content\/uploads\/2024\/07\/WhatsApp-Image-2024-07-17-at-1.34.05-PM.jpeg","jetpack_sharing_enabled":true,"publishpress_future_action":{"enabled":false,"date":"2026-05-10 10:05:49","action":"change-status","newStatus":"draft","terms":[],"taxonomy":"category","extraData":[]},"publishpress_future_workflow_manual_trigger":{"enabledWorkflows":[]},"_links":{"self":[{"href":"https:\/\/noticiasveracruz.com\/index.php\/wp-json\/wp\/v2\/posts\/36912","targetHints":{"allow":["GET"]}}],"collection":[{"href":"https:\/\/noticiasveracruz.com\/index.php\/wp-json\/wp\/v2\/posts"}],"about":[{"href":"https:\/\/noticiasveracruz.com\/index.php\/wp-json\/wp\/v2\/types\/post"}],"author":[{"embeddable":true,"href":"https:\/\/noticiasveracruz.com\/index.php\/wp-json\/wp\/v2\/users\/4"}],"replies":[{"embeddable":true,"href":"https:\/\/noticiasveracruz.com\/index.php\/wp-json\/wp\/v2\/comments?post=36912"}],"version-history":[{"count":0,"href":"https:\/\/noticiasveracruz.com\/index.php\/wp-json\/wp\/v2\/posts\/36912\/revisions"}],"wp:featuredmedia":[{"embeddable":true,"href":"https:\/\/noticiasveracruz.com\/index.php\/wp-json\/wp\/v2\/media\/36913"}],"wp:attachment":[{"href":"https:\/\/noticiasveracruz.com\/index.php\/wp-json\/wp\/v2\/media?parent=36912"}],"wp:term":[{"taxonomy":"category","embeddable":true,"href":"https:\/\/noticiasveracruz.com\/index.php\/wp-json\/wp\/v2\/categories?post=36912"},{"taxonomy":"post_tag","embeddable":true,"href":"https:\/\/noticiasveracruz.com\/index.php\/wp-json\/wp\/v2\/tags?post=36912"}],"curies":[{"name":"wp","href":"https:\/\/api.w.org\/{rel}","templated":true}]}}