{"id":36909,"date":"2024-07-17T16:43:43","date_gmt":"2024-07-17T21:43:43","guid":{"rendered":"https:\/\/noticiasveracruz.com\/?p=36909"},"modified":"2024-07-31T16:44:31","modified_gmt":"2024-07-31T21:44:31","slug":"alcalde-de-tuxpan-expreso-su-reconocimiento-a-los-medallistas-de-canotaje-de-los-nacionales-conade-2024","status":"publish","type":"post","link":"https:\/\/noticiasveracruz.com\/index.php\/2024\/07\/17\/alcalde-de-tuxpan-expreso-su-reconocimiento-a-los-medallistas-de-canotaje-de-los-nacionales-conade-2024\/","title":{"rendered":"Alcalde de Tuxpan expres\u00f3 su reconocimiento a los medallistas de canotaje de los Nacionales CONADE 2024"},"content":{"rendered":"<ul>\n<li><span style=\"font-size: 14pt;\"><strong>\u2022 Las medallas obtenidas son el principio de muchos logros m\u00e1s, destac\u00f3 Jos\u00e9 Manuel Pozos Castro.<\/strong><\/span><\/li>\n<\/ul>\n<p><span style=\"font-size: 14pt;\">El alcalde Jos\u00e9 Manuel Pozos Castro recibi\u00f3 la visita de las y los j\u00f3venes que tuvieron una destacada participaci\u00f3n en las competencias de canotaje Nacionales CONADE 2024, realizadas en Cuemanco, Ciudad de M\u00e9xico.<\/span><\/p>\n<p><span style=\"font-size: 14pt;\">Los atletas Luis Geneve Peternel Licona, Cristina Hern\u00e1ndez Gonz\u00e1lez, Luis del \u00c1ngel Blanco y \u00c1ngel Gabriel Valdemar C\u00f3rdova obtuvieron 2 medallas de oro, 1 de plata y 3 de bronce en las categor\u00edas 15-16 a\u00f1os, K4 y sub-23.<\/span><\/p>\n<p><span style=\"font-size: 14pt;\">El presidente municipal reconoci\u00f3 a los deportistas por haber puesto en alto el nombre de Tuxpan y de Veracruz en dichas competencias: \u201cfelicito a todas y todos los que participaron porque han representado a Tuxpan y Veracruz de una manera muy digna, lo que nos hace sentirnos orgullosos de ustedes\u201d.<\/span><\/p>\n<p><span style=\"font-size: 14pt;\">\u201cEstos buenos resultados son producto de su esfuerzo y su disciplina, as\u00ed como del apoyo que les brindan sus entrenadores y sus padres y madres. S\u00e9 que este es el principio de muchos logros m\u00e1s que vendr\u00e1n para todos\u201d, agreg\u00f3.<\/span><\/p>\n<p><span style=\"font-size: 14pt;\">Pozos Castro mencion\u00f3 que Tuxpan es tierra de campeones, y que los sue\u00f1os se hacen realidad cuando se pone empe\u00f1o y ganas en lo que se desea.<\/span><\/p>\n","protected":false},"excerpt":{"rendered":"<p>\u2022 Las medallas obtenidas son el principio de muchos logros m\u00e1s, destac\u00f3 Jos\u00e9 Manuel Pozos Castro. El alcalde Jos\u00e9 Manuel<\/p>\n","protected":false},"author":4,"featured_media":36910,"comment_status":"closed","ping_status":"closed","sticky":false,"template":"","format":"standard","meta":{"colormag_page_container_layout":"default_layout","colormag_page_sidebar_layout":"default_layout","_jetpack_memberships_contains_paid_content":false,"footnotes":"","jetpack_publicize_message":"","jetpack_publicize_feature_enabled":true,"jetpack_social_post_already_shared":true,"jetpack_social_options":{"image_generator_settings":{"template":"highway","default_image_id":0,"font":"","enabled":false},"version":2}},"categories":[3372],"tags":[],"class_list":["post-36909","post","type-post","status-publish","format-standard","has-post-thumbnail","hentry","category-gobierno-tuxpan"],"jetpack_publicize_connections":[],"jetpack_featured_media_url":"https:\/\/noticiasveracruz.com\/wp-content\/uploads\/2024\/07\/535a612b-b6e3-470e-9c02-b8b6ce577e52.jpg","jetpack_sharing_enabled":true,"publishpress_future_action":{"enabled":false,"date":"2026-05-10 10:05:51","action":"change-status","newStatus":"draft","terms":[],"taxonomy":"category","extraData":[]},"publishpress_future_workflow_manual_trigger":{"enabledWorkflows":[]},"_links":{"self":[{"href":"https:\/\/noticiasveracruz.com\/index.php\/wp-json\/wp\/v2\/posts\/36909","targetHints":{"allow":["GET"]}}],"collection":[{"href":"https:\/\/noticiasveracruz.com\/index.php\/wp-json\/wp\/v2\/posts"}],"about":[{"href":"https:\/\/noticiasveracruz.com\/index.php\/wp-json\/wp\/v2\/types\/post"}],"author":[{"embeddable":true,"href":"https:\/\/noticiasveracruz.com\/index.php\/wp-json\/wp\/v2\/users\/4"}],"replies":[{"embeddable":true,"href":"https:\/\/noticiasveracruz.com\/index.php\/wp-json\/wp\/v2\/comments?post=36909"}],"version-history":[{"count":0,"href":"https:\/\/noticiasveracruz.com\/index.php\/wp-json\/wp\/v2\/posts\/36909\/revisions"}],"wp:featuredmedia":[{"embeddable":true,"href":"https:\/\/noticiasveracruz.com\/index.php\/wp-json\/wp\/v2\/media\/36910"}],"wp:attachment":[{"href":"https:\/\/noticiasveracruz.com\/index.php\/wp-json\/wp\/v2\/media?parent=36909"}],"wp:term":[{"taxonomy":"category","embeddable":true,"href":"https:\/\/noticiasveracruz.com\/index.php\/wp-json\/wp\/v2\/categories?post=36909"},{"taxonomy":"post_tag","embeddable":true,"href":"https:\/\/noticiasveracruz.com\/index.php\/wp-json\/wp\/v2\/tags?post=36909"}],"curies":[{"name":"wp","href":"https:\/\/api.w.org\/{rel}","templated":true}]}}