{"id":36906,"date":"2024-07-17T16:42:49","date_gmt":"2024-07-17T21:42:49","guid":{"rendered":"https:\/\/noticiasveracruz.com\/?p=36906"},"modified":"2024-07-31T16:43:36","modified_gmt":"2024-07-31T21:43:36","slug":"este-domingo-estas-invitado-a-correr-junto-a-tu-perro-en-la-carrera-cani-run","status":"publish","type":"post","link":"https:\/\/noticiasveracruz.com\/index.php\/2024\/07\/17\/este-domingo-estas-invitado-a-correr-junto-a-tu-perro-en-la-carrera-cani-run\/","title":{"rendered":"Este domingo est\u00e1s invitado a correr junto a tu perro en la carrera CANI-RUN"},"content":{"rendered":"<p><span style=\"font-size: 14pt;\">El gobierno de Tuxpan, a trav\u00e9s de la Coordinaci\u00f3n de Medio Ambiente, te invitan a la carrera CANI-RUN que se realizar\u00e1 el pr\u00f3ximo domingo 21 de julio a las 5:30 de la tarde, en el marco de la conmemoraci\u00f3n por el D\u00eda Mundial del Perro.<\/span><\/p>\n<p><span style=\"font-size: 14pt;\">Podr\u00e1n participar personas de todas las edades, desde ni\u00f1os hasta adultos, acompa\u00f1ando a sus mascotas.<\/span><\/p>\n<p><span style=\"font-size: 14pt;\">La competencia se dividir\u00e1 en 2 categor\u00edas: la primera de 1 km, para perros de razas mediana y peque\u00f1a, los cuales correr\u00e1n de AutoZone a presidencia, y la segunda de 1.5 km, para perros de raza grande, cuyo recorrido ser\u00e1 del Parque de los Ni\u00f1os H\u00e9roes a presidencia. Se premiar\u00e1 a los 3 primeros lugares de cada categor\u00eda.<\/span><\/p>\n<p><span style=\"font-size: 14pt;\">La inscripci\u00f3n es totalmente gratuita; sin embargo, quien as\u00ed lo desee puede donar alimento para perros y gatos que ser\u00e1 entregado a albergues dedicados al cuidado de estos animalitos.<\/span><\/p>\n<p><span style=\"font-size: 14pt;\">Para registrarse o solicitar m\u00e1s informes solo debes llamar al tel\u00e9fono 783 834 5361 extensi\u00f3n 109, o acudir a las oficinas de la Coordinaci\u00f3n de Medio Ambiente ubicadas en Av. Ju\u00e1rez esquina Hern\u00e1ndez y Hern\u00e1ndez, Col. Centro, en horario de 9:00 de la ma\u00f1ana a 4:00 de la tarde, hasta el viernes 19 de julio.<\/span><\/p>\n<p><span style=\"font-size: 14pt;\">El d\u00eda de la carrera, en la Plaza C\u00edvica estar\u00e1 instalado un stand donde podr\u00e1s adquirir una gran variedad accesorios para mascotas.<\/span><\/p>\n","protected":false},"excerpt":{"rendered":"<p>El gobierno de Tuxpan, a trav\u00e9s de la Coordinaci\u00f3n de Medio Ambiente, te invitan a la carrera CANI-RUN que se<\/p>\n","protected":false},"author":4,"featured_media":36907,"comment_status":"closed","ping_status":"closed","sticky":false,"template":"","format":"standard","meta":{"colormag_page_container_layout":"default_layout","colormag_page_sidebar_layout":"default_layout","_jetpack_memberships_contains_paid_content":false,"footnotes":"","jetpack_publicize_message":"","jetpack_publicize_feature_enabled":true,"jetpack_social_post_already_shared":true,"jetpack_social_options":{"image_generator_settings":{"template":"highway","default_image_id":0,"font":"","enabled":false},"version":2}},"categories":[3372],"tags":[],"class_list":["post-36906","post","type-post","status-publish","format-standard","has-post-thumbnail","hentry","category-gobierno-tuxpan"],"jetpack_publicize_connections":[],"jetpack_featured_media_url":"https:\/\/noticiasveracruz.com\/wp-content\/uploads\/2024\/07\/CAN.jpeg","jetpack_sharing_enabled":true,"publishpress_future_action":{"enabled":false,"date":"2026-05-10 10:05:51","action":"change-status","newStatus":"draft","terms":[],"taxonomy":"category","extraData":[]},"publishpress_future_workflow_manual_trigger":{"enabledWorkflows":[]},"_links":{"self":[{"href":"https:\/\/noticiasveracruz.com\/index.php\/wp-json\/wp\/v2\/posts\/36906","targetHints":{"allow":["GET"]}}],"collection":[{"href":"https:\/\/noticiasveracruz.com\/index.php\/wp-json\/wp\/v2\/posts"}],"about":[{"href":"https:\/\/noticiasveracruz.com\/index.php\/wp-json\/wp\/v2\/types\/post"}],"author":[{"embeddable":true,"href":"https:\/\/noticiasveracruz.com\/index.php\/wp-json\/wp\/v2\/users\/4"}],"replies":[{"embeddable":true,"href":"https:\/\/noticiasveracruz.com\/index.php\/wp-json\/wp\/v2\/comments?post=36906"}],"version-history":[{"count":0,"href":"https:\/\/noticiasveracruz.com\/index.php\/wp-json\/wp\/v2\/posts\/36906\/revisions"}],"wp:featuredmedia":[{"embeddable":true,"href":"https:\/\/noticiasveracruz.com\/index.php\/wp-json\/wp\/v2\/media\/36907"}],"wp:attachment":[{"href":"https:\/\/noticiasveracruz.com\/index.php\/wp-json\/wp\/v2\/media?parent=36906"}],"wp:term":[{"taxonomy":"category","embeddable":true,"href":"https:\/\/noticiasveracruz.com\/index.php\/wp-json\/wp\/v2\/categories?post=36906"},{"taxonomy":"post_tag","embeddable":true,"href":"https:\/\/noticiasveracruz.com\/index.php\/wp-json\/wp\/v2\/tags?post=36906"}],"curies":[{"name":"wp","href":"https:\/\/api.w.org\/{rel}","templated":true}]}}