{"id":36903,"date":"2024-07-15T16:41:29","date_gmt":"2024-07-15T21:41:29","guid":{"rendered":"https:\/\/noticiasveracruz.com\/?p=36903"},"modified":"2024-07-31T16:42:40","modified_gmt":"2024-07-31T21:42:40","slug":"se-ponen-en-marcha-acciones-de-reforestacion-en-tuxpan","status":"publish","type":"post","link":"https:\/\/noticiasveracruz.com\/index.php\/2024\/07\/15\/se-ponen-en-marcha-acciones-de-reforestacion-en-tuxpan\/","title":{"rendered":"Se ponen en marcha acciones de reforestaci\u00f3n en Tuxpan"},"content":{"rendered":"<p><span style=\"font-size: 14pt;\">Con el objetivo de preservar y repoblar las \u00e1reas verdes de la ciudad, esta ma\u00f1ana la Coordinaci\u00f3n de Medio Ambiente del H. Ayuntamiento de Tuxpan reforest\u00f3 el parque ubicado en el fraccionamiento Petr\u00f3polis.<\/span><\/p>\n<p><span style=\"font-size: 14pt;\">Con la colaboraci\u00f3n de elementos de Parques y Jardines, as\u00ed como vecinos de dicho fraccionamiento, se plantaron \u00e1rboles de diversas especies como areca, macadamia, zapote blanco, entre otros.<\/span><\/p>\n<p><span style=\"font-size: 14pt;\">Con estas acciones, se recupera el ecosistema al impactar en la mejora de la calidad del aire y la temperatura; adem\u00e1s, se generan espacios naturales con sombra para las personas que visitan este sitio.<\/span><\/p>\n<p><span style=\"font-size: 14pt;\">As\u00ed mismo, con la participaci\u00f3n de la Direcci\u00f3n de Tr\u00e1nsito Municipal se llev\u00f3 a cabo el balizamiento del \u00e1rea, a fin de delimitar correctamente los espacios para un mejor cuidado del lugar y la sana convivencia.<\/span><\/p>\n<p><span style=\"font-size: 14pt;\">Las acciones de reforestaci\u00f3n habr\u00e1n de continuar en diferentes puntos de la ciudad.<\/span><\/p>\n","protected":false},"excerpt":{"rendered":"<p>Con el objetivo de preservar y repoblar las \u00e1reas verdes de la ciudad, esta ma\u00f1ana la Coordinaci\u00f3n de Medio Ambiente<\/p>\n","protected":false},"author":4,"featured_media":36904,"comment_status":"closed","ping_status":"closed","sticky":false,"template":"","format":"standard","meta":{"colormag_page_container_layout":"default_layout","colormag_page_sidebar_layout":"default_layout","_jetpack_memberships_contains_paid_content":false,"footnotes":"","jetpack_publicize_message":"","jetpack_publicize_feature_enabled":true,"jetpack_social_post_already_shared":true,"jetpack_social_options":{"image_generator_settings":{"template":"highway","default_image_id":0,"font":"","enabled":false},"version":2}},"categories":[3372],"tags":[],"class_list":["post-36903","post","type-post","status-publish","format-standard","has-post-thumbnail","hentry","category-gobierno-tuxpan"],"jetpack_publicize_connections":[],"jetpack_featured_media_url":"https:\/\/noticiasveracruz.com\/wp-content\/uploads\/2024\/07\/5c606afc-7240-4116-bf89-2ec34d4c9c69.jpg","jetpack_sharing_enabled":true,"publishpress_future_action":{"enabled":false,"date":"2026-05-10 11:17:26","action":"change-status","newStatus":"draft","terms":[],"taxonomy":"category","extraData":[]},"publishpress_future_workflow_manual_trigger":{"enabledWorkflows":[]},"_links":{"self":[{"href":"https:\/\/noticiasveracruz.com\/index.php\/wp-json\/wp\/v2\/posts\/36903","targetHints":{"allow":["GET"]}}],"collection":[{"href":"https:\/\/noticiasveracruz.com\/index.php\/wp-json\/wp\/v2\/posts"}],"about":[{"href":"https:\/\/noticiasveracruz.com\/index.php\/wp-json\/wp\/v2\/types\/post"}],"author":[{"embeddable":true,"href":"https:\/\/noticiasveracruz.com\/index.php\/wp-json\/wp\/v2\/users\/4"}],"replies":[{"embeddable":true,"href":"https:\/\/noticiasveracruz.com\/index.php\/wp-json\/wp\/v2\/comments?post=36903"}],"version-history":[{"count":0,"href":"https:\/\/noticiasveracruz.com\/index.php\/wp-json\/wp\/v2\/posts\/36903\/revisions"}],"wp:featuredmedia":[{"embeddable":true,"href":"https:\/\/noticiasveracruz.com\/index.php\/wp-json\/wp\/v2\/media\/36904"}],"wp:attachment":[{"href":"https:\/\/noticiasveracruz.com\/index.php\/wp-json\/wp\/v2\/media?parent=36903"}],"wp:term":[{"taxonomy":"category","embeddable":true,"href":"https:\/\/noticiasveracruz.com\/index.php\/wp-json\/wp\/v2\/categories?post=36903"},{"taxonomy":"post_tag","embeddable":true,"href":"https:\/\/noticiasveracruz.com\/index.php\/wp-json\/wp\/v2\/tags?post=36903"}],"curies":[{"name":"wp","href":"https:\/\/api.w.org\/{rel}","templated":true}]}}