{"id":36897,"date":"2024-07-13T16:37:33","date_gmt":"2024-07-13T21:37:33","guid":{"rendered":"https:\/\/noticiasveracruz.com\/?p=36897"},"modified":"2024-07-31T16:39:20","modified_gmt":"2024-07-31T21:39:20","slug":"con-gran-asistencia-se-realizo-la-jornada-de-salud-visual","status":"publish","type":"post","link":"https:\/\/noticiasveracruz.com\/index.php\/2024\/07\/13\/con-gran-asistencia-se-realizo-la-jornada-de-salud-visual\/","title":{"rendered":"Con gran asistencia se realiz\u00f3 la Jornada de Salud Visual"},"content":{"rendered":"<p><span style=\"font-size: 14pt;\">Como cada semana se llev\u00f3 a cabo este jueves la Jornada de Salud Visual, realizada por la Sindicatura \u00danica del H. Ayuntamiento de Tuxpan a cargo de la Mtra. Beatriz Pi\u00f1a Vergara.<\/span><\/p>\n<p><span style=\"font-size: 14pt;\">Se cont\u00f3 con una importante participaci\u00f3n de la ciudadan\u00eda que asisti\u00f3 a la planta baja de presidencia municipal, a practicarse sin costo alguno el examen de la vista. Adem\u00e1s, gracias a la colaboraci\u00f3n de Grupo \u00d3ptico del Totonacapan, quienes lo requirieron, pudieron adquirir anteojos graduados a un bajo costo.<\/span><\/p>\n<p><span style=\"font-size: 14pt;\">As\u00ed mismo, personas de todas las edades tambi\u00e9n aprovecharon para realizarse cortes de cabello gratuitamente con estilistas profesionales del instituto de belleza \u201cThe Queens\u201d.<\/span><\/p>\n<p><span style=\"font-size: 14pt;\">Tambi\u00e9n hubo quienes acudieron al taller de creaci\u00f3n de flores con list\u00f3n que imparti\u00f3 la fundaci\u00f3n \u201cSin miedo a trabajar contigo\u201d.<\/span><\/p>\n<p><span style=\"font-size: 14pt;\">Pi\u00f1a Vergara invit\u00f3 a la poblaci\u00f3n a que acuda todos los jueves, a partir de las 10:00 de la ma\u00f1ana, y se beneficie con estas jornadas.<\/span><\/p>\n","protected":false},"excerpt":{"rendered":"<p>Como cada semana se llev\u00f3 a cabo este jueves la Jornada de Salud Visual, realizada por la Sindicatura \u00danica del<\/p>\n","protected":false},"author":4,"featured_media":36898,"comment_status":"closed","ping_status":"closed","sticky":false,"template":"","format":"standard","meta":{"colormag_page_container_layout":"default_layout","colormag_page_sidebar_layout":"default_layout","_jetpack_memberships_contains_paid_content":false,"footnotes":"","jetpack_publicize_message":"","jetpack_publicize_feature_enabled":true,"jetpack_social_post_already_shared":true,"jetpack_social_options":{"image_generator_settings":{"template":"highway","default_image_id":0,"font":"","enabled":false},"version":2}},"categories":[3372],"tags":[],"class_list":["post-36897","post","type-post","status-publish","format-standard","has-post-thumbnail","hentry","category-gobierno-tuxpan"],"jetpack_publicize_connections":[],"jetpack_featured_media_url":"https:\/\/noticiasveracruz.com\/wp-content\/uploads\/2024\/07\/0e9a5348-b2df-41d7-8569-535a43765fdf.jpg","jetpack_sharing_enabled":true,"publishpress_future_action":{"enabled":false,"date":"2026-05-10 11:14:25","action":"change-status","newStatus":"draft","terms":[],"taxonomy":"category","extraData":[]},"publishpress_future_workflow_manual_trigger":{"enabledWorkflows":[]},"_links":{"self":[{"href":"https:\/\/noticiasveracruz.com\/index.php\/wp-json\/wp\/v2\/posts\/36897","targetHints":{"allow":["GET"]}}],"collection":[{"href":"https:\/\/noticiasveracruz.com\/index.php\/wp-json\/wp\/v2\/posts"}],"about":[{"href":"https:\/\/noticiasveracruz.com\/index.php\/wp-json\/wp\/v2\/types\/post"}],"author":[{"embeddable":true,"href":"https:\/\/noticiasveracruz.com\/index.php\/wp-json\/wp\/v2\/users\/4"}],"replies":[{"embeddable":true,"href":"https:\/\/noticiasveracruz.com\/index.php\/wp-json\/wp\/v2\/comments?post=36897"}],"version-history":[{"count":0,"href":"https:\/\/noticiasveracruz.com\/index.php\/wp-json\/wp\/v2\/posts\/36897\/revisions"}],"wp:featuredmedia":[{"embeddable":true,"href":"https:\/\/noticiasveracruz.com\/index.php\/wp-json\/wp\/v2\/media\/36898"}],"wp:attachment":[{"href":"https:\/\/noticiasveracruz.com\/index.php\/wp-json\/wp\/v2\/media?parent=36897"}],"wp:term":[{"taxonomy":"category","embeddable":true,"href":"https:\/\/noticiasveracruz.com\/index.php\/wp-json\/wp\/v2\/categories?post=36897"},{"taxonomy":"post_tag","embeddable":true,"href":"https:\/\/noticiasveracruz.com\/index.php\/wp-json\/wp\/v2\/tags?post=36897"}],"curies":[{"name":"wp","href":"https:\/\/api.w.org\/{rel}","templated":true}]}}