{"id":36885,"date":"2024-07-05T16:32:58","date_gmt":"2024-07-05T21:32:58","guid":{"rendered":"https:\/\/noticiasveracruz.com\/?p=36885"},"modified":"2024-07-31T16:33:46","modified_gmt":"2024-07-31T21:33:46","slug":"en-tuxpan-autoridades-monitorean-huracan-beryl","status":"publish","type":"post","link":"https:\/\/noticiasveracruz.com\/index.php\/2024\/07\/05\/en-tuxpan-autoridades-monitorean-huracan-beryl\/","title":{"rendered":"En Tuxpan, Autoridades monitorean hurac\u00e1n \u201cBeryl\u201d"},"content":{"rendered":"<p><span style=\"font-size: 14pt;\"><em><strong>\u2022 El alcalde Jos\u00e9 Manuel Pozos Castro agradeci\u00f3 el respaldo de las fuerzas armadas y de dependencias de los 3 \u00f3rdenes de gobierno.<br \/>\n<\/strong><\/em><em><strong>\u2022 Todos listos y coordinados para actuar de manera inmediata y efectiva, en caso de ser necesario.<\/strong><\/em><\/span><\/p>\n<p><span style=\"font-size: 14pt;\">El gobierno de Tuxpan, Fuerzas Armadas y representantes de diversas dependencias de los 3 niveles de gobierno llevaron a cabo una Reuni\u00f3n de Coordinaci\u00f3n y Seguimiento del Hurac\u00e1n Beryl, para estar preparados -en forma anticipada- y brindar una respuesta inmediata y efectiva en caso de ser necesario.<\/span><\/p>\n<p><span style=\"font-size: 14pt;\">El presidente municipal, Lic. Jos\u00e9 Manuel Pozos Castro, agradeci\u00f3 el apoyo permanente de la SEDENA, SEMAR, Secretar\u00eda de Protecci\u00f3n Civil del Gobierno del Estado de Veracruz, del Sistema y la Coordinaci\u00f3n Nacional de Protecci\u00f3n Civil.<\/span><\/p>\n<p><span style=\"font-size: 14pt;\">Tambi\u00e9n reconoci\u00f3 el respaldo y disposici\u00f3n de CFE, PEMEX, SESVER, CAEV, Cruz Roja, DIF Municipal, CRUM y Salud Municipal para participar en acciones de prevenci\u00f3n en materia de protecci\u00f3n civil.<\/span><\/p>\n<p><span style=\"font-size: 14pt;\">El alcalde record\u00f3 que desde un d\u00eda antes del inicio de la Temporada de Ciclones Tropicales, sesion\u00f3 el Consejo Municipal de Protecci\u00f3n Civil y, desde ese momento, han mantenido abierta la sesi\u00f3n permanente.<\/span><\/p>\n<p><span style=\"font-size: 14pt;\">Detall\u00f3 que de manera muy puntual se dio seguimiento y desplegaron los protocolos de actuaci\u00f3n ante el paso de las tormentas tropicales \u201cAlberto\u201d y \u201cChris\u201d, que afortunadamente dejaron un saldo blanco.<\/span><\/p>\n<p><span style=\"font-size: 14pt;\">Ahora, con el hurac\u00e1n \u201cBeryl\u201d, se est\u00e1 actuando con mucha responsabilidad y tomando todas las medidas preventivas.<\/span><\/p>\n<p><span style=\"font-size: 14pt;\">Durante esta reuni\u00f3n, el director de Protecci\u00f3n Civil Municipal, Ing. Ren\u00e9 T\u00e9llez Medina present\u00f3 un informe de los pron\u00f3sticos del desplazamiento del hurac\u00e1n \u201cBeryl\u201d, as\u00ed como de las acciones que se est\u00e1n tomando en colonias y comunidades para reducir riesgos de inundaci\u00f3n.<\/span><\/p>\n<p><span style=\"font-size: 14pt;\">Es importante destacar que la directora del DIF Tuxpan, Melba L\u00f3pez Guti\u00e9rrez dio a conocer que, por instrucciones de la presidenta del DIF Tuxpan, Pamela Morales Huesca, el refugio temporal del DIF se encuentra habilitado y listo para ser usado.<\/span><\/p>\n<p><span style=\"font-size: 14pt;\">Por otro lado, CAEV, Obras P\u00fablicas y Protecci\u00f3n Civil informaron que se est\u00e1 avanzando en el desazolve de zanjas en \u00e1reas de alto riesgo, como en la colonia Villa Rosita.<\/span><\/p>\n<p><span style=\"font-size: 14pt;\">De igual manera se dio a conocer que la pr\u00f3xima semana se llevar\u00e1 a cabo una gran limpieza de playas.<\/span><\/p>\n<p><span style=\"font-size: 14pt;\">Todas las dependencias de gobierno se mantendr\u00e1n en m\u00e1xima alerta, dando un seguimiento puntual al hurac\u00e1n \u201cBeryl\u201d.<\/span><\/p>\n<p><span style=\"font-size: 14pt;\">Tambi\u00e9n se difundir\u00e1 permanentemente a la poblaci\u00f3n toda la informaci\u00f3n oficial sobre el avance de este cicl\u00f3n tropical, porque informaci\u00f3n es prevenci\u00f3n.<\/span><\/p>\n","protected":false},"excerpt":{"rendered":"<p>\u2022 El alcalde Jos\u00e9 Manuel Pozos Castro agradeci\u00f3 el respaldo de las fuerzas armadas y de dependencias de los 3<\/p>\n","protected":false},"author":4,"featured_media":36886,"comment_status":"closed","ping_status":"closed","sticky":false,"template":"","format":"standard","meta":{"colormag_page_container_layout":"default_layout","colormag_page_sidebar_layout":"default_layout","_jetpack_memberships_contains_paid_content":false,"footnotes":"","jetpack_publicize_message":"","jetpack_publicize_feature_enabled":true,"jetpack_social_post_already_shared":true,"jetpack_social_options":{"image_generator_settings":{"template":"highway","default_image_id":0,"font":"","enabled":false},"version":2}},"categories":[3372],"tags":[],"class_list":["post-36885","post","type-post","status-publish","format-standard","has-post-thumbnail","hentry","category-gobierno-tuxpan"],"jetpack_publicize_connections":[],"jetpack_featured_media_url":"https:\/\/noticiasveracruz.com\/wp-content\/uploads\/2024\/07\/WhatsApp-Image-2024-07-04-at-7.35.51-PM.jpeg","jetpack_sharing_enabled":true,"publishpress_future_action":{"enabled":false,"date":"2026-05-10 11:13:47","action":"change-status","newStatus":"draft","terms":[],"taxonomy":"category","extraData":[]},"publishpress_future_workflow_manual_trigger":{"enabledWorkflows":[]},"_links":{"self":[{"href":"https:\/\/noticiasveracruz.com\/index.php\/wp-json\/wp\/v2\/posts\/36885","targetHints":{"allow":["GET"]}}],"collection":[{"href":"https:\/\/noticiasveracruz.com\/index.php\/wp-json\/wp\/v2\/posts"}],"about":[{"href":"https:\/\/noticiasveracruz.com\/index.php\/wp-json\/wp\/v2\/types\/post"}],"author":[{"embeddable":true,"href":"https:\/\/noticiasveracruz.com\/index.php\/wp-json\/wp\/v2\/users\/4"}],"replies":[{"embeddable":true,"href":"https:\/\/noticiasveracruz.com\/index.php\/wp-json\/wp\/v2\/comments?post=36885"}],"version-history":[{"count":0,"href":"https:\/\/noticiasveracruz.com\/index.php\/wp-json\/wp\/v2\/posts\/36885\/revisions"}],"wp:featuredmedia":[{"embeddable":true,"href":"https:\/\/noticiasveracruz.com\/index.php\/wp-json\/wp\/v2\/media\/36886"}],"wp:attachment":[{"href":"https:\/\/noticiasveracruz.com\/index.php\/wp-json\/wp\/v2\/media?parent=36885"}],"wp:term":[{"taxonomy":"category","embeddable":true,"href":"https:\/\/noticiasveracruz.com\/index.php\/wp-json\/wp\/v2\/categories?post=36885"},{"taxonomy":"post_tag","embeddable":true,"href":"https:\/\/noticiasveracruz.com\/index.php\/wp-json\/wp\/v2\/tags?post=36885"}],"curies":[{"name":"wp","href":"https:\/\/api.w.org\/{rel}","templated":true}]}}