{"id":3688,"date":"2022-04-27T13:22:32","date_gmt":"2022-04-27T18:22:32","guid":{"rendered":"https:\/\/noticiasveracruz.com\/?p=3688"},"modified":"2022-04-27T13:29:00","modified_gmt":"2022-04-27T18:29:00","slug":"feminicidios-y-violencia-a-las-mujeres","status":"publish","type":"post","link":"https:\/\/noticiasveracruz.com\/index.php\/2022\/04\/27\/feminicidios-y-violencia-a-las-mujeres\/","title":{"rendered":"Feminicidios y Violencia a las mujeres"},"content":{"rendered":"<p>&nbsp;<\/p>\n<p class=\"p1\"><strong><span style=\"font-size: 18pt;\">&lt;&lt;Ahora se castigar\u00e1 con 40 a\u00f1os de prisi\u00f3n a los culpables&gt;&gt;<\/span><\/strong><\/p>\n<p class=\"p1\"><strong><span style=\"font-size: 18pt;\">&lt;&lt;Los jueces ya no podr\u00e1n cambiar el tipo de delito&gt;&gt;<\/span><\/strong><\/p>\n<p class=\"p1\"><strong><span style=\"font-size: 18pt;\"><span class=\"s3\">&lt;&lt;Ya van<\/span> 23,342 Mujeres asesinadas en el actual sexenio&gt;&gt;<\/span><\/strong><\/p>\n<p>&nbsp;<\/p>\n<p class=\"p1\"><strong><span style=\"font-size: 18pt;\">Por Miguel \u00c1ngel Cristiani Gonz\u00e1lez<\/span><\/strong><\/p>\n<p class=\"p1\"><span style=\"font-size: 14pt;\">Tanto en la C\u00e1mara de Diputados como en la de Senadores, cada una por su lado, <strong>realizaron este martes un minuto de silencio por las miles de mujeres asesinadas y por las que sufren de violencia en nuestro pa\u00eds.<\/strong><\/span><\/p>\n<p class=\"p1\"><span style=\"font-size: 14pt;\">Aunque es un tema de urgente necesidad de ser atendido, no en las conferencias ma\u00f1aneras, <strong>sino en las instancias de impartici\u00f3n de justicia, finalmente se aprob\u00f3 modificar el C\u00f3digo Penal Federal para castigar el feminicidio o su intento, con hasta cuarenta a\u00f1os de prisi\u00f3n.<\/strong><\/span><\/p>\n<p>&nbsp;<\/p>\n<p><img loading=\"lazy\" decoding=\"async\" class=\"aligncenter wp-image-4506 size-large\" src=\"https:\/\/politicosaldesnudo.com.mx\/wp-content\/uploads\/2022\/04\/P-FAMINICIDIOS-1024x573.png\" alt=\"\" width=\"800\" height=\"448\" \/><\/p>\n<p>&nbsp;<\/p>\n<p class=\"p1\"><span style=\"font-size: 14pt;\">Pero adem\u00e1s, <strong>se aprob\u00f3 otra cuesti\u00f3n muy importante, que los jueces no puedan modificar la tipificaci\u00f3n del delito de los acusados y detenidos<\/strong>, porque luego resulta que lo cambian por otro m\u00e1s leve y m\u00e1s tardan en <strong>curar las lesiones a las mujeres, que ellos en salir en libertad nuevamente.<\/strong><\/span><\/p>\n<blockquote>\n<p class=\"p1\"><span style=\"font-size: 14pt;\">La reforma al C\u00f3digo Nacional de Procedimientos Penales, de la Ley Nacional de Ejecuci\u00f3n Penal y del C\u00f3digo Penal Federal, para castigar el feminicidio en grado de tentativa, fue aprobada con 453 votos a favor y 24 abstenciones por lo que fue turnada al Senado, en donde se espera que tambi\u00e9n sea aprobada.<\/span><\/p>\n<\/blockquote>\n<p class=\"p1\"><strong><span style=\"font-size: 14pt;\">La propuesta establece que el delito de feminicidio en grado de tentativa ameritar\u00e1 prisi\u00f3n preventiva oficiosa, al igual que el feminicidio consumado que ya estaba en el C\u00f3digo Nacional de Procedimientos Penales.<\/span><\/strong><\/p>\n<p class=\"p1\"><span style=\"font-size: 14pt;\">En la misma sesi\u00f3n de este martes, la C\u00e1mara de Diputados aprob\u00f3, en lo general y en lo particular, el dictamen que reforma y adiciona diversas disposiciones de la Ley General en Materia de Desaparici\u00f3n Forzada de Personas, Desaparici\u00f3n Cometida por Particulares y del Sistema Nacional de B\u00fasqueda de Personas, a fin de crear el Centro Nacional de Identificaci\u00f3n Humana.<\/span><\/p>\n<p class=\"p1\"><strong><span style=\"font-size: 14pt;\">Para comprender mejor la magnitud del problema del feminicidio y la violencia contra las mujeres, hay que ver las cifras que fueron reveladas por el Sistema Nacional de Seguridad P\u00fablica, actualizadas ala mes de marzo y esos son n\u00fameros oficiales, porque hay muchos casos m\u00e1s que no son denunciados.<\/span><\/strong><\/p>\n<p class=\"p1\"><em><strong><span class=\"s1\">-Ya van<\/span>\u00a023,342 Mujeres asesinadas en el sexenio<\/strong><\/em><\/p>\n<p class=\"p1\"><em><strong>-61,450 han sido violadas<\/strong><\/em><\/p>\n<p class=\"p1\"><em><strong>-Marzo 2022 el mes con m\u00e1s violaciones y con m\u00e1s denuncias de Violencia de G\u00e9nero<\/strong><\/em><\/p>\n<p class=\"p1\"><em><strong>-Para Marzo 2022 se acumulan 23,342 mujeres asesinadas, representaron el 32% de todos los homicidios del mes<\/strong><\/em><\/p>\n<p class=\"p1\"><em><strong>-3,200 FEMINICIDIOS<\/strong><\/em><\/p>\n<p class=\"p1\"><em><strong>-9,286 HOMICIDIOS DOLOSOS DE MUJERES<\/strong><\/em><\/p>\n<p class=\"p1\"><em><strong>-10,762 HOMICIDIOS CULPOSOS DE MUJERES<\/strong><\/em><\/p>\n<p class=\"p1\"><em><strong>\u00a0-Con 2,287 violaciones, Marzo 2022 es el mes con mayor n\u00famero de violaciones hist\u00f3ricamente<\/strong><\/em><\/p>\n<p class=\"p1\"><em><strong>\u00a0-Con 1,684 denuncias vs Violencia de G\u00e9nero, Marzo2022 es tambi\u00e9n el mes con mayor incidencia hist\u00f3rica<\/strong><\/em><\/p>\n<p class=\"p1\"><em><strong>\u00a0-Con 193 denuncias, tambi\u00e9n la Corrupci\u00f3n de Menores en su mes m\u00e1s alto<\/strong><\/em><\/p>\n<p class=\"p1\"><em><strong>-La Violencia Familiar aument\u00f3 33.8% vs Febrero 2022<\/strong><\/em><\/p>\n<p class=\"p1\"><em><strong>-La Trata de Personas acumula 1,529 denuncias en el sexenio, 146 s\u00f3lo en el primer trimestre de 2022<\/strong><\/em><\/p>\n<p>&nbsp;<\/p>\n<p class=\"p1\"><span style=\"font-size: 18pt;\"><strong>Cont\u00e1ctanos en nuestras redes sociales:<\/strong><\/span><\/p>\n<p class=\"p1\"><span style=\"font-size: 18pt;\"><strong><span class=\"s4\"><a href=\"https:\/\/www.canva.com\/design\/DAEN5B9DWgs\/ZCHd2Z8KueYjlg_d59Op3A\/view\">https:\/\/www.canva.com\/design\/DAEN5B9DWgs\/ZCHd2Z8KueYjlg_d59Op3A\/view<\/a><\/span><\/strong><\/span><\/p>\n<p class=\"p1\">\n","protected":false},"excerpt":{"rendered":"<p>&nbsp; &lt;&lt;Ahora se castigar\u00e1 con 40 a\u00f1os de prisi\u00f3n a los culpables&gt;&gt; &lt;&lt;Los jueces ya no podr\u00e1n cambiar el tipo<\/p>\n","protected":false},"author":4,"featured_media":3280,"comment_status":"closed","ping_status":"closed","sticky":false,"template":"","format":"standard","meta":{"colormag_page_container_layout":"default_layout","colormag_page_sidebar_layout":"default_layout","_jetpack_memberships_contains_paid_content":false,"footnotes":"","jetpack_publicize_message":"","jetpack_publicize_feature_enabled":true,"jetpack_social_post_already_shared":false,"jetpack_social_options":{"image_generator_settings":{"template":"highway","default_image_id":0,"font":"","enabled":false},"version":2}},"categories":[6],"tags":[517,31],"class_list":["post-3688","post","type-post","status-publish","format-standard","has-post-thumbnail","hentry","category-columnistas","tag-feminicidios","tag-mexico"],"jetpack_publicize_connections":[],"jetpack_featured_media_url":"https:\/\/noticiasveracruz.com\/wp-content\/uploads\/2022\/04\/NV-MIGUEL-A\u0301NGEL-CRISTIANI.png","jetpack_sharing_enabled":true,"publishpress_future_action":{"enabled":false,"date":"2026-05-07 01:44:05","action":"change-status","newStatus":"draft","terms":[],"taxonomy":"category","extraData":[]},"publishpress_future_workflow_manual_trigger":{"enabledWorkflows":[]},"_links":{"self":[{"href":"https:\/\/noticiasveracruz.com\/index.php\/wp-json\/wp\/v2\/posts\/3688","targetHints":{"allow":["GET"]}}],"collection":[{"href":"https:\/\/noticiasveracruz.com\/index.php\/wp-json\/wp\/v2\/posts"}],"about":[{"href":"https:\/\/noticiasveracruz.com\/index.php\/wp-json\/wp\/v2\/types\/post"}],"author":[{"embeddable":true,"href":"https:\/\/noticiasveracruz.com\/index.php\/wp-json\/wp\/v2\/users\/4"}],"replies":[{"embeddable":true,"href":"https:\/\/noticiasveracruz.com\/index.php\/wp-json\/wp\/v2\/comments?post=3688"}],"version-history":[{"count":0,"href":"https:\/\/noticiasveracruz.com\/index.php\/wp-json\/wp\/v2\/posts\/3688\/revisions"}],"wp:featuredmedia":[{"embeddable":true,"href":"https:\/\/noticiasveracruz.com\/index.php\/wp-json\/wp\/v2\/media\/3280"}],"wp:attachment":[{"href":"https:\/\/noticiasveracruz.com\/index.php\/wp-json\/wp\/v2\/media?parent=3688"}],"wp:term":[{"taxonomy":"category","embeddable":true,"href":"https:\/\/noticiasveracruz.com\/index.php\/wp-json\/wp\/v2\/categories?post=3688"},{"taxonomy":"post_tag","embeddable":true,"href":"https:\/\/noticiasveracruz.com\/index.php\/wp-json\/wp\/v2\/tags?post=3688"}],"curies":[{"name":"wp","href":"https:\/\/api.w.org\/{rel}","templated":true}]}}