{"id":36879,"date":"2024-07-04T16:30:43","date_gmt":"2024-07-04T21:30:43","guid":{"rendered":"https:\/\/noticiasveracruz.com\/?p=36879"},"modified":"2024-07-31T16:31:25","modified_gmt":"2024-07-31T21:31:25","slug":"moodys-mexico-mejora-la-calificacion-del-municipio-de-tuxpan","status":"publish","type":"post","link":"https:\/\/noticiasveracruz.com\/index.php\/2024\/07\/04\/moodys-mexico-mejora-la-calificacion-del-municipio-de-tuxpan\/","title":{"rendered":"MOODY\u2019S M\u00e9xico mejora la calificaci\u00f3n del municipio de Tuxpan"},"content":{"rendered":"<p><span style=\"font-size: 14pt;\"><em><strong>\u2022 En esta calificaci\u00f3n se refleja el manejo eficaz, responsable y transparente de los recursos p\u00fablicos de la Administraci\u00f3n del alcalde Jos\u00e9 Manuel Pozos Castro<\/strong><\/em><\/span><\/p>\n<p><span style=\"font-size: 14pt;\">La Instituci\u00f3n Calificadora Moody\u2019s Local M\u00e9xico subi\u00f3 la calificaci\u00f3n del municipio de Tuxpan a A-.mx ,desde BBB+.mx, manteniendo perspectiva estable.<\/span><\/p>\n<p><span style=\"font-size: 14pt;\">En su informe publicado el 1\u00b0 de julio, Moody\u2019s destac\u00f3 que \u201cEl alza refleja las mejoras en los ingresos propios, el balance operativo, el resultado financiero y la liquidez\u201d del municipio de Tuxpan.<\/span><\/p>\n<p><span style=\"font-size: 14pt;\">La Calificadora reconoci\u00f3 como fortalezas los balances operativos y financieros superavitarios, adem\u00e1s de la s\u00f3lida liquidez del municipio.<\/span><\/p>\n<p><span style=\"font-size: 14pt;\">Lo anterior es el resultado de 3 a\u00f1os de un manejo eficaz, responsable y transparente de los recursos p\u00fablicos de la administraci\u00f3n del alcalde Jos\u00e9 Manuel Pozos Castro.<\/span><\/p>\n<p><span style=\"font-size: 14pt;\">Por \u00faltimo, la calificadora estim\u00f3 que la deuda directa e indirecta neta se mantendr\u00e1 en una tendencia a la baja.<\/span><\/p>\n","protected":false},"excerpt":{"rendered":"<p>\u2022 En esta calificaci\u00f3n se refleja el manejo eficaz, responsable y transparente de los recursos p\u00fablicos de la Administraci\u00f3n del<\/p>\n","protected":false},"author":4,"featured_media":36880,"comment_status":"closed","ping_status":"closed","sticky":false,"template":"","format":"standard","meta":{"colormag_page_container_layout":"default_layout","colormag_page_sidebar_layout":"default_layout","_jetpack_memberships_contains_paid_content":false,"footnotes":"","jetpack_publicize_message":"","jetpack_publicize_feature_enabled":true,"jetpack_social_post_already_shared":true,"jetpack_social_options":{"image_generator_settings":{"template":"highway","default_image_id":0,"font":"","enabled":false},"version":2}},"categories":[3372],"tags":[],"class_list":["post-36879","post","type-post","status-publish","format-standard","has-post-thumbnail","hentry","category-gobierno-tuxpan"],"jetpack_publicize_connections":[],"jetpack_featured_media_url":"https:\/\/noticiasveracruz.com\/wp-content\/uploads\/2024\/07\/WhatsApp-Image-2024-07-03-at-8.25.54-PM.jpeg","jetpack_sharing_enabled":true,"publishpress_future_action":{"enabled":false,"date":"2026-05-10 11:17:24","action":"change-status","newStatus":"draft","terms":[],"taxonomy":"category","extraData":[]},"publishpress_future_workflow_manual_trigger":{"enabledWorkflows":[]},"_links":{"self":[{"href":"https:\/\/noticiasveracruz.com\/index.php\/wp-json\/wp\/v2\/posts\/36879","targetHints":{"allow":["GET"]}}],"collection":[{"href":"https:\/\/noticiasveracruz.com\/index.php\/wp-json\/wp\/v2\/posts"}],"about":[{"href":"https:\/\/noticiasveracruz.com\/index.php\/wp-json\/wp\/v2\/types\/post"}],"author":[{"embeddable":true,"href":"https:\/\/noticiasveracruz.com\/index.php\/wp-json\/wp\/v2\/users\/4"}],"replies":[{"embeddable":true,"href":"https:\/\/noticiasveracruz.com\/index.php\/wp-json\/wp\/v2\/comments?post=36879"}],"version-history":[{"count":0,"href":"https:\/\/noticiasveracruz.com\/index.php\/wp-json\/wp\/v2\/posts\/36879\/revisions"}],"wp:featuredmedia":[{"embeddable":true,"href":"https:\/\/noticiasveracruz.com\/index.php\/wp-json\/wp\/v2\/media\/36880"}],"wp:attachment":[{"href":"https:\/\/noticiasveracruz.com\/index.php\/wp-json\/wp\/v2\/media?parent=36879"}],"wp:term":[{"taxonomy":"category","embeddable":true,"href":"https:\/\/noticiasveracruz.com\/index.php\/wp-json\/wp\/v2\/categories?post=36879"},{"taxonomy":"post_tag","embeddable":true,"href":"https:\/\/noticiasveracruz.com\/index.php\/wp-json\/wp\/v2\/tags?post=36879"}],"curies":[{"name":"wp","href":"https:\/\/api.w.org\/{rel}","templated":true}]}}