{"id":36876,"date":"2024-07-04T16:28:57","date_gmt":"2024-07-04T21:28:57","guid":{"rendered":"https:\/\/noticiasveracruz.com\/?p=36876"},"modified":"2024-07-31T16:30:06","modified_gmt":"2024-07-31T21:30:06","slug":"inicia-jornada-de-salud-visual","status":"publish","type":"post","link":"https:\/\/noticiasveracruz.com\/index.php\/2024\/07\/04\/inicia-jornada-de-salud-visual\/","title":{"rendered":"Inicia Jornada de Salud Visual"},"content":{"rendered":"<p><span style=\"font-size: 14pt;\">Hoy jueves de 10:00 a 15:00 horas, en la planta baja de la presidencia municipal se llevar\u00e1 a cabo la Jornada de Salud Visual, que realiza la sindicatura \u00fanica del gobierno de Tuxpan.<\/span><\/p>\n<p><span style=\"font-size: 14pt;\">Optometristas de Grupo \u00d3ptico del Totonacapan estar\u00e1n realizando, sin costo alguno, ex\u00e1menes de la vista para detectar defectos visuales.<\/span><\/p>\n<p><span style=\"font-size: 14pt;\">Adem\u00e1s, como apoyo a la econom\u00eda familiar se ofrece la adquisici\u00f3n de lentes graduados de alta calidad a un bajo costo.<\/span><\/p>\n<p><span style=\"font-size: 14pt;\">Estas jornadas buscan mejorar la calidad de vida de la poblaci\u00f3n en general, atendiendo a personas de todas las edades.<\/span><\/p>\n","protected":false},"excerpt":{"rendered":"<p>Hoy jueves de 10:00 a 15:00 horas, en la planta baja de la presidencia municipal se llevar\u00e1 a cabo la<\/p>\n","protected":false},"author":4,"featured_media":36877,"comment_status":"closed","ping_status":"closed","sticky":false,"template":"","format":"standard","meta":{"colormag_page_container_layout":"default_layout","colormag_page_sidebar_layout":"default_layout","_jetpack_memberships_contains_paid_content":false,"footnotes":"","jetpack_publicize_message":"","jetpack_publicize_feature_enabled":true,"jetpack_social_post_already_shared":true,"jetpack_social_options":{"image_generator_settings":{"template":"highway","default_image_id":0,"font":"","enabled":false},"version":2}},"categories":[3372],"tags":[],"class_list":["post-36876","post","type-post","status-publish","format-standard","has-post-thumbnail","hentry","category-gobierno-tuxpan"],"jetpack_publicize_connections":[],"jetpack_featured_media_url":"https:\/\/noticiasveracruz.com\/wp-content\/uploads\/2024\/07\/WhatsApp-Image-2024-07-03-at-3.59.53-PM.jpeg","jetpack_sharing_enabled":true,"publishpress_future_action":{"enabled":false,"date":"2026-05-10 11:14:27","action":"change-status","newStatus":"draft","terms":[],"taxonomy":"category","extraData":[]},"publishpress_future_workflow_manual_trigger":{"enabledWorkflows":[]},"_links":{"self":[{"href":"https:\/\/noticiasveracruz.com\/index.php\/wp-json\/wp\/v2\/posts\/36876","targetHints":{"allow":["GET"]}}],"collection":[{"href":"https:\/\/noticiasveracruz.com\/index.php\/wp-json\/wp\/v2\/posts"}],"about":[{"href":"https:\/\/noticiasveracruz.com\/index.php\/wp-json\/wp\/v2\/types\/post"}],"author":[{"embeddable":true,"href":"https:\/\/noticiasveracruz.com\/index.php\/wp-json\/wp\/v2\/users\/4"}],"replies":[{"embeddable":true,"href":"https:\/\/noticiasveracruz.com\/index.php\/wp-json\/wp\/v2\/comments?post=36876"}],"version-history":[{"count":0,"href":"https:\/\/noticiasveracruz.com\/index.php\/wp-json\/wp\/v2\/posts\/36876\/revisions"}],"wp:featuredmedia":[{"embeddable":true,"href":"https:\/\/noticiasveracruz.com\/index.php\/wp-json\/wp\/v2\/media\/36877"}],"wp:attachment":[{"href":"https:\/\/noticiasveracruz.com\/index.php\/wp-json\/wp\/v2\/media?parent=36876"}],"wp:term":[{"taxonomy":"category","embeddable":true,"href":"https:\/\/noticiasveracruz.com\/index.php\/wp-json\/wp\/v2\/categories?post=36876"},{"taxonomy":"post_tag","embeddable":true,"href":"https:\/\/noticiasveracruz.com\/index.php\/wp-json\/wp\/v2\/tags?post=36876"}],"curies":[{"name":"wp","href":"https:\/\/api.w.org\/{rel}","templated":true}]}}