{"id":36819,"date":"2024-07-31T08:25:17","date_gmt":"2024-07-31T13:25:17","guid":{"rendered":"https:\/\/noticiasveracruz.com\/?p=36819"},"modified":"2024-07-31T08:25:17","modified_gmt":"2024-07-31T13:25:17","slug":"ataque-armado-en-bar-de-tulum-quintana-roo-deja-un-muerto-y-cuatro-heridos","status":"publish","type":"post","link":"https:\/\/noticiasveracruz.com\/index.php\/2024\/07\/31\/ataque-armado-en-bar-de-tulum-quintana-roo-deja-un-muerto-y-cuatro-heridos\/","title":{"rendered":"Ataque armado en bar de Tulum, Quintana Roo, deja un muerto y cuatro heridos"},"content":{"rendered":"<div>\n<div id=\"content-body-225-12320990\">\n<p><span style=\"font-size: 14pt;\">Un ataque armado al interior del bar \u201cCaribe Swing\u201d\u00a0ubicado entre las calles de Centauro y Sat\u00e9lite en el centro tur\u00edstico del municipio de\u00a0Tulum, Quintana Roo, dej\u00f3 un saldo de una persona muerta y cuatro lesionados.<\/span><\/p>\n<p><span style=\"font-size: 14pt;\">Elementos de la Secretaria de\u00a0Seguridad P\u00fablica y Protecci\u00f3n Ciudadana (SSPC)\u00a0municipal y de\u00a0Fiscal\u00eda General de Justicia del Estado (FGJE)\u00a0estatal reportaron que las v\u00edctimas del atentado ocurrido la noche del lunes presentaron varios impactos de bala.<\/span><\/p>\n<\/div>\n<\/div>\n<div>\n<div id=\"dfp-nota-1x3s\" data-google-query-id=\"CKiA-fmu0YcDFV3NGAIdfucVhw\">\n<div id=\"google_ads_iframe_\/2000002\/la-prensa\/mexico_nota_1x3_0__container__\"><span style=\"font-size: 14pt;\">A un costado del bar hallaron el cuerpo de un hombre de aproximadamente 35 a\u00f1os de edad con impactos de bala en la cabeza y t\u00f3rax, adem\u00e1s de seis casquillos\u00a0de bala esparcidos en el lugar.<\/span><\/div>\n<\/div>\n<\/div>\n<article>\n<div id=\"content-body-5851641-12320990\">\n<p><span style=\"font-size: 14pt;\">Mientras que al interior del negocio localizaron a las cuatro personas lesionadas: dos con heridas de\u00a0arma de fuego\u00a0en el t\u00f3rax y dos m\u00e1s con\u00a0lesiones\u00a0en manos y piernas, las cuales fueron trasladadas a un hospital de la localidad para su atenci\u00f3n.<\/span><\/p>\n<p><span style=\"font-size: 14pt;\">Las autoridades locales acordonaron el lugar del atentado y los peritos de la FGJE de Quintana Roo, levantaron el cuerpo de la persona que muri\u00f3. Sin embargo, a\u00fan no hay personas detenidas, pero se investigan las causas del mismo.<\/span><\/p>\n<p><span style=\"font-size: 14pt;\">Tulum ha sido escenario de\u00a0balaceras\u00a0y ataques armados entre\u00a0grupos delictivos\u00a0en bares, restaurantes y centros nocturnos, que han tenido consecuencias sobre personas inocentes y turistas nacionales y extranjeros.<\/span><\/p>\n<\/div>\n<\/article>\n","protected":false},"excerpt":{"rendered":"<p>Un ataque armado al interior del bar \u201cCaribe Swing\u201d\u00a0ubicado entre las calles de Centauro y Sat\u00e9lite en el centro tur\u00edstico<\/p>\n","protected":false},"author":4,"featured_media":36820,"comment_status":"closed","ping_status":"closed","sticky":false,"template":"","format":"standard","meta":{"colormag_page_container_layout":"default_layout","colormag_page_sidebar_layout":"default_layout","_jetpack_memberships_contains_paid_content":false,"footnotes":"","jetpack_publicize_message":"","jetpack_publicize_feature_enabled":true,"jetpack_social_post_already_shared":true,"jetpack_social_options":{"image_generator_settings":{"template":"highway","default_image_id":0,"font":"","enabled":false},"version":2}},"categories":[4],"tags":[],"class_list":["post-36819","post","type-post","status-publish","format-standard","has-post-thumbnail","hentry","category-nacional"],"jetpack_publicize_connections":[],"jetpack_featured_media_url":"https:\/\/noticiasveracruz.com\/wp-content\/uploads\/2024\/07\/Turistas-en-Quintana-roo.jpg","jetpack_sharing_enabled":true,"publishpress_future_action":{"enabled":false,"date":"2026-05-10 04:01:23","action":"change-status","newStatus":"draft","terms":[],"taxonomy":"category","extraData":[]},"publishpress_future_workflow_manual_trigger":{"enabledWorkflows":[]},"_links":{"self":[{"href":"https:\/\/noticiasveracruz.com\/index.php\/wp-json\/wp\/v2\/posts\/36819","targetHints":{"allow":["GET"]}}],"collection":[{"href":"https:\/\/noticiasveracruz.com\/index.php\/wp-json\/wp\/v2\/posts"}],"about":[{"href":"https:\/\/noticiasveracruz.com\/index.php\/wp-json\/wp\/v2\/types\/post"}],"author":[{"embeddable":true,"href":"https:\/\/noticiasveracruz.com\/index.php\/wp-json\/wp\/v2\/users\/4"}],"replies":[{"embeddable":true,"href":"https:\/\/noticiasveracruz.com\/index.php\/wp-json\/wp\/v2\/comments?post=36819"}],"version-history":[{"count":0,"href":"https:\/\/noticiasveracruz.com\/index.php\/wp-json\/wp\/v2\/posts\/36819\/revisions"}],"wp:featuredmedia":[{"embeddable":true,"href":"https:\/\/noticiasveracruz.com\/index.php\/wp-json\/wp\/v2\/media\/36820"}],"wp:attachment":[{"href":"https:\/\/noticiasveracruz.com\/index.php\/wp-json\/wp\/v2\/media?parent=36819"}],"wp:term":[{"taxonomy":"category","embeddable":true,"href":"https:\/\/noticiasveracruz.com\/index.php\/wp-json\/wp\/v2\/categories?post=36819"},{"taxonomy":"post_tag","embeddable":true,"href":"https:\/\/noticiasveracruz.com\/index.php\/wp-json\/wp\/v2\/tags?post=36819"}],"curies":[{"name":"wp","href":"https:\/\/api.w.org\/{rel}","templated":true}]}}