{"id":36807,"date":"2024-07-31T08:00:42","date_gmt":"2024-07-31T13:00:42","guid":{"rendered":"https:\/\/noticiasveracruz.com\/?p=36807"},"modified":"2024-07-31T08:00:42","modified_gmt":"2024-07-31T13:00:42","slug":"quiebran-negocios","status":"publish","type":"post","link":"https:\/\/noticiasveracruz.com\/index.php\/2024\/07\/31\/quiebran-negocios\/","title":{"rendered":"Quiebran negocios"},"content":{"rendered":"<p><span style=\"font-size: 14pt;\">Comerciantes del centro de Tuxpan enfrentan desaf\u00edos para mantener negocios debido a altos costos de renta y mantenimiento.<\/span><\/p>\n<p><span style=\"font-size: 14pt;\">La falta de locales asequibles para rentar en el centro de Tuxpan est\u00e1 obligando a comerciantes a cerrar sus negocios ya que los ingresos que perciben en ocasiones no son suficientes ni para pagar la renta, menos alcanzan para n\u00f3minas, pago de luz o agua.<\/span><\/p>\n<p><span style=\"font-size: 14pt;\">Y es que bas\u00e1ndose en que la zona es muy demandada, aunado a ello la llegada de inversi\u00f3n extranjera y for\u00e1neos, propietarios de los locales han aumentado los precios de los inmuebles; sin embargo no todos los comerciantes cuentan con los recursos suficientes para invertir en dichos locales.<\/span><\/p>\n<p><span style=\"font-size: 14pt;\">s comerciantes que rentan casas o departamentos para montar sus negocios enfrentan altos costos y permisos tambi\u00e9n elevados por parte de las autoridades correspondientes, lo que hace que sus negocios no sean rentables.<\/span><\/p>\n<p><span style=\"font-size: 14pt;\">Algunos han optado por departamentos para micro negocios, pero estos tambi\u00e9n tienen altos costos y requieren remodelaciones y mejoras b\u00e1sicas.<\/span><\/p>\n<p><span style=\"font-size: 14pt;\">Los comerciantes est\u00e1n exigiendo una regularizaci\u00f3n que equilibre los precios para que puedan mantener sus negocios de manera sostenible. Algunos han tenido que mudarse varias veces debido a la alta renta y baja demanda.<\/span><\/p>\n<p><span style=\"font-size: 14pt;\">Por lo anterior esperan que las autoridades respondan a sus necesidades para crear un entorno comercial viable y competitivo en Tuxpan.<\/span><\/p>\n","protected":false},"excerpt":{"rendered":"<p>Comerciantes del centro de Tuxpan enfrentan desaf\u00edos para mantener negocios debido a altos costos de renta y mantenimiento. La falta<\/p>\n","protected":false},"author":4,"featured_media":36808,"comment_status":"closed","ping_status":"closed","sticky":false,"template":"","format":"standard","meta":{"colormag_page_container_layout":"default_layout","colormag_page_sidebar_layout":"default_layout","_jetpack_memberships_contains_paid_content":false,"footnotes":"","jetpack_publicize_message":"","jetpack_publicize_feature_enabled":true,"jetpack_social_post_already_shared":true,"jetpack_social_options":{"image_generator_settings":{"template":"highway","default_image_id":0,"font":"","enabled":false},"version":2}},"categories":[356],"tags":[],"class_list":["post-36807","post","type-post","status-publish","format-standard","has-post-thumbnail","hentry","category-veracruz"],"jetpack_publicize_connections":[],"jetpack_featured_media_url":"https:\/\/noticiasveracruz.com\/wp-content\/uploads\/2024\/07\/3b1-1.jpg","jetpack_sharing_enabled":true,"publishpress_future_action":{"enabled":false,"date":"2026-05-10 11:10:59","action":"change-status","newStatus":"draft","terms":[],"taxonomy":"category","extraData":[]},"publishpress_future_workflow_manual_trigger":{"enabledWorkflows":[]},"_links":{"self":[{"href":"https:\/\/noticiasveracruz.com\/index.php\/wp-json\/wp\/v2\/posts\/36807","targetHints":{"allow":["GET"]}}],"collection":[{"href":"https:\/\/noticiasveracruz.com\/index.php\/wp-json\/wp\/v2\/posts"}],"about":[{"href":"https:\/\/noticiasveracruz.com\/index.php\/wp-json\/wp\/v2\/types\/post"}],"author":[{"embeddable":true,"href":"https:\/\/noticiasveracruz.com\/index.php\/wp-json\/wp\/v2\/users\/4"}],"replies":[{"embeddable":true,"href":"https:\/\/noticiasveracruz.com\/index.php\/wp-json\/wp\/v2\/comments?post=36807"}],"version-history":[{"count":0,"href":"https:\/\/noticiasveracruz.com\/index.php\/wp-json\/wp\/v2\/posts\/36807\/revisions"}],"wp:featuredmedia":[{"embeddable":true,"href":"https:\/\/noticiasveracruz.com\/index.php\/wp-json\/wp\/v2\/media\/36808"}],"wp:attachment":[{"href":"https:\/\/noticiasveracruz.com\/index.php\/wp-json\/wp\/v2\/media?parent=36807"}],"wp:term":[{"taxonomy":"category","embeddable":true,"href":"https:\/\/noticiasveracruz.com\/index.php\/wp-json\/wp\/v2\/categories?post=36807"},{"taxonomy":"post_tag","embeddable":true,"href":"https:\/\/noticiasveracruz.com\/index.php\/wp-json\/wp\/v2\/tags?post=36807"}],"curies":[{"name":"wp","href":"https:\/\/api.w.org\/{rel}","templated":true}]}}