{"id":3655,"date":"2022-04-27T07:06:47","date_gmt":"2022-04-27T12:06:47","guid":{"rendered":"https:\/\/noticiasveracruz.com\/?p=3655"},"modified":"2022-04-27T08:01:32","modified_gmt":"2022-04-27T13:01:32","slug":"tras-pandemia-argentina-invertira-en-plan-de-salud-mental","status":"publish","type":"post","link":"https:\/\/noticiasveracruz.com\/index.php\/2022\/04\/27\/tras-pandemia-argentina-invertira-en-plan-de-salud-mental\/","title":{"rendered":"Tras pandemia, Argentina invertir\u00e1 en la salud mental"},"content":{"rendered":"<p class=\"p1\"><span style=\"font-size: 14pt;\"><em><strong>Buenos Aires.<\/strong> <\/em>El <strong>gobierno argentino anunci\u00f3 la duplicaci\u00f3n del presupuesto para el programa de salud mental<\/strong> que incluye incrementar la capacitaci\u00f3n de profesionales e impulsar la externaci\u00f3n y la inserci\u00f3n laboral de los pacientes, en l\u00ednea con la ley vigente.<\/span><\/p>\n<blockquote>\n<p class=\"p1\"><span style=\"font-size: 14pt;\">Durante la pandemia se gener\u00f3 estr\u00e9s, ansiedades, miedo y mucho sufrimiento. (&#8230;) Cada persona tiene que saber que no est\u00e1 sola y no podemos hacer m\u00e1s o\u00eddos sordos a ese problema\u00bb, dijo el\u00a0presidente Alberto Fern\u00e1ndez\u00a0al anunciar las medidas en un acto en un hospital estatal en\u00a0Buenos Aires.<\/span><\/p>\n<\/blockquote>\n<p class=\"p1\"><span style=\"font-size: 14pt;\">La\u00a0<strong>Estrategia Nacional de Salud Mental\u00a0buscar\u00e1 \u00abgarantizar el cuidado y la atenci\u00f3n de la salud mental en todas las etapas de la vida\u00bb<\/strong> para lo cual el presupuesto actual pasar\u00e1 de <strong>31 millones de d\u00f3lares a 64.7 millones de d\u00f3lares, gracias a un fondo extraordinario de\u00a04,000 millones de pesos, inform\u00f3 el gobierno.<\/strong><\/span><\/p>\n<blockquote>\n<p class=\"p1\"><span style=\"font-size: 14pt;\">La iniciativa tiene \u00abcomo prioridad articular pol\u00edticas en el\u00a0sistema sanitario nacional, con base en una perspectiva de derechos, comunitaria y libre de violencias, y desde el respeto a las diversidades\u00bb, explic\u00f3 el ministerio de Salud.<\/span><\/p>\n<\/blockquote>\n<p class=\"p1\"><strong><span style=\"font-size: 14pt;\">Se busca el fomento de actividades de prevenci\u00f3n, la promoci\u00f3n de tratamientos espec\u00edficos de calidad y el acceso a la atenci\u00f3n primaria en todas las provincias.<\/span><\/strong><\/p>\n<p class=\"p1\"><span style=\"font-size: 14pt;\"><strong>La\u00a0ley de Salud Mental,<\/strong> sancionada en 2010, <strong>puso \u00e9nfasis en limitar la internaci\u00f3n en manicomios, prohibiendo la creaci\u00f3n de nuevos hospitales psiqui\u00e1tricos, con la idea de transformarlos en\u00a0hospitales polivalentes.<\/strong><\/span><\/p>\n<p class=\"p1\"><span style=\"font-size: 14pt;\"><strong>Por el plan de salud mental se crear\u00e1n dispositivos para urgencias y guardias interdisciplinarias en todo el pa\u00eds<\/strong> y se pondr\u00e1 en marcha en los hospitales nacionales la especializaci\u00f3n en salud mental y consumos problem\u00e1ticos.<\/span><\/p>\n<p class=\"p1\"><span style=\"font-size: 14pt;\">Se promueve adem\u00e1s la salud mental comunitaria a trav\u00e9s del programa \u00abEntre varios en barrios\u00bb y se prev\u00e9 la construcci\u00f3n de 2,000 casas para ser usadas para externados y se impulsa un programa de emprendimientos laborales para personas en proceso de externaci\u00f3n, entre otros puntos.<\/span><\/p>\n<p>&nbsp;<\/p>\n<p>&nbsp;<\/p>\n<p>&nbsp;<\/p>\n","protected":false},"excerpt":{"rendered":"<p>Buenos Aires. El gobierno argentino anunci\u00f3 la duplicaci\u00f3n del presupuesto para el programa de salud mental que incluye incrementar la<\/p>\n","protected":false},"author":4,"featured_media":3656,"comment_status":"closed","ping_status":"closed","sticky":false,"template":"","format":"standard","meta":{"colormag_page_container_layout":"default_layout","colormag_page_sidebar_layout":"default_layout","_jetpack_memberships_contains_paid_content":false,"footnotes":"","jetpack_publicize_message":"","jetpack_publicize_feature_enabled":true,"jetpack_social_post_already_shared":false,"jetpack_social_options":{"image_generator_settings":{"template":"highway","default_image_id":0,"font":"","enabled":false},"version":2}},"categories":[355],"tags":[305,511],"class_list":["post-3655","post","type-post","status-publish","format-standard","has-post-thumbnail","hentry","category-internacional","tag-argentina","tag-salud-mental"],"jetpack_publicize_connections":[],"jetpack_featured_media_url":"https:\/\/noticiasveracruz.com\/wp-content\/uploads\/2022\/04\/P-PANDEMIA.png","jetpack_sharing_enabled":true,"publishpress_future_action":{"enabled":false,"date":"2026-05-06 18:27:51","action":"change-status","newStatus":"draft","terms":[],"taxonomy":"category","extraData":[]},"publishpress_future_workflow_manual_trigger":{"enabledWorkflows":[]},"_links":{"self":[{"href":"https:\/\/noticiasveracruz.com\/index.php\/wp-json\/wp\/v2\/posts\/3655","targetHints":{"allow":["GET"]}}],"collection":[{"href":"https:\/\/noticiasveracruz.com\/index.php\/wp-json\/wp\/v2\/posts"}],"about":[{"href":"https:\/\/noticiasveracruz.com\/index.php\/wp-json\/wp\/v2\/types\/post"}],"author":[{"embeddable":true,"href":"https:\/\/noticiasveracruz.com\/index.php\/wp-json\/wp\/v2\/users\/4"}],"replies":[{"embeddable":true,"href":"https:\/\/noticiasveracruz.com\/index.php\/wp-json\/wp\/v2\/comments?post=3655"}],"version-history":[{"count":0,"href":"https:\/\/noticiasveracruz.com\/index.php\/wp-json\/wp\/v2\/posts\/3655\/revisions"}],"wp:featuredmedia":[{"embeddable":true,"href":"https:\/\/noticiasveracruz.com\/index.php\/wp-json\/wp\/v2\/media\/3656"}],"wp:attachment":[{"href":"https:\/\/noticiasveracruz.com\/index.php\/wp-json\/wp\/v2\/media?parent=3655"}],"wp:term":[{"taxonomy":"category","embeddable":true,"href":"https:\/\/noticiasveracruz.com\/index.php\/wp-json\/wp\/v2\/categories?post=3655"},{"taxonomy":"post_tag","embeddable":true,"href":"https:\/\/noticiasveracruz.com\/index.php\/wp-json\/wp\/v2\/tags?post=3655"}],"curies":[{"name":"wp","href":"https:\/\/api.w.org\/{rel}","templated":true}]}}